{"id":440326,"date":"2025-10-05T07:56:11","date_gmt":"2025-10-05T07:56:11","guid":{"rendered":"https:\/\/www.europesays.com\/fr\/440326\/"},"modified":"2025-10-05T07:56:11","modified_gmt":"2025-10-05T07:56:11","slug":"urban-sketchers-rennes-explore-expose-la-ville-de-rennes-autrement-alter1fo","status":"publish","type":"post","link":"https:\/\/www.europesays.com\/fr\/440326\/","title":{"rendered":"\u00ab Urban Sketchers Rennes \u00bb explore\/expose la ville de Rennes autrement\u2026 \u2013 Alter1fo"},"content":{"rendered":"<p><img fetchpriority=\"high\" decoding=\"async\" class=\"aligncenter size-large wp-image-149211\" src=\"https:\/\/www.europesays.com\/fr\/wp-content\/uploads\/2025\/10\/540922350_10165740970073362_4491852804604824399_n-700x366.jpg\" alt=\"15 dessinateurs membres du groupe Urban Sketchers rennais exposent leurs carnets de croquis urbains r\u00e9alis\u00e9s sur le vif. Exposition \u00e0 l'Orangerie EST du 29 sept. au 12 octobre 2025, de 14h \u00e0 18h, entr\u00e9e libre\" width=\"640\" height=\"335\"  \/><\/p>\n<p style=\"text-align: justify;\">Le collectif <a href=\"https:\/\/www.facebook.com\/groups\/urbansketchersrennes\/?locale=fr_FR\" target=\"_blank\" rel=\"noopener nofollow\">Urban Sketchers Rennes<\/a> pr\u00e9sente une tr\u00e8s chouette exposition, \u00e0 d\u00e9couvrir jusqu\u2019au 12 octobre seulement, \u00e0 l\u2019Orangerie du Thabor. Cette manifestation r\u00e9unit les \u0153uvres de quinze artistes qui partagent ensemble une m\u00eame passion : celle du croquis r\u00e9alis\u00e9 sur le vif, directement dans l\u2019environnement observ\u00e9.<\/p>\n<p style=\"text-align: justify;\">Les dessins expos\u00e9s, ex\u00e9cut\u00e9s \u00ab in situ \u00bb, souvent avec une grande spontan\u00e9it\u00e9, t\u00e9moignent d\u2019une diversit\u00e9 de techniques et de supports. Crayon, encre, aquarelle, marqueurs, mais aussi mat\u00e9riaux plus inattendus tels que le caf\u00e9 ou le vin, composent une large palette d\u2019outils d\u00e9passant les conventions acad\u00e9miques. Les \u0153uvres, marqu\u00e9es parfois par une certaine imperfection assum\u00e9e, se distinguent d\u2019autant plus par leur intensit\u00e9 et leur sinc\u00e9rit\u00e9. D\u2019ailleurs, l\u2019exposition c\u00e9l\u00e8bre avant tout le plaisir de dessiner, dans ce qu\u2019il a de plus imm\u00e9diat et vivant. Une invitation \u00e0 red\u00e9couvrir la ville autrement. Et franchement, nous n\u2019avons pas \u00e9t\u00e9 d\u00e9\u00e7us, une vraie bouff\u00e9e d\u2019oxyg\u00e8ne.\u00a0Sans rien enlever au travail des autres artistes, nous avons \u00e9t\u00e9 particuli\u00e8rement s\u00e9duits par le style singulier de <a href=\"https:\/\/www.facebook.com\/VincentAndrieuMonde\" target=\"_blank\" rel=\"noopener nofollow\">Vincent Andrieux<\/a> : son usage des Stabilo et son jeu de lumi\u00e8res alambiqu\u00e9 ont imm\u00e9diatement retenu notre attention.<\/p>\n<p><img loading=\"lazy\" decoding=\"async\" class=\"aligncenter size-large wp-image-149212\" src=\"https:\/\/www.europesays.com\/fr\/wp-content\/uploads\/2025\/10\/DSC4948-700x467.jpg\" alt=\"\" width=\"640\" height=\"427\"  \/><\/p>\n<p class=\"light-gray \"><b>Urban Sketchers<\/b> (USK) est une communaut\u00e9 mondiale de dessinateurs\u00b7rices qui valorise la pratique du dessin in situ d\u2019apr\u00e8s l\u2019observation directe de la vie urbaine et quotidienne.<\/p>\n","protected":false},"excerpt":{"rendered":"Le collectif Urban Sketchers Rennes pr\u00e9sente une tr\u00e8s chouette exposition, \u00e0 d\u00e9couvrir jusqu\u2019au 12 octobre seulement, \u00e0 l\u2019Orangerie&hellip;\n","protected":false},"author":2,"featured_media":440327,"comment_status":"","ping_status":"","sticky":false,"template":"","format":"standard","meta":{"footnotes":""},"categories":[2821],"tags":[1111,11,829,1777,674,1011,27,12,584,25],"class_list":{"0":"post-440326","1":"post","2":"type-post","3":"status-publish","4":"format-standard","5":"has-post-thumbnail","7":"category-rennes","8":"tag-actu","9":"tag-actualites","10":"tag-bretagne","11":"tag-eu","12":"tag-europe","13":"tag-fr","14":"tag-france","15":"tag-news","16":"tag-rennes","17":"tag-republique-francaise"},"share_on_mastodon":{"url":"https:\/\/pubeurope.com\/@fr\/115320493446973821","error":""},"_links":{"self":[{"href":"https:\/\/www.europesays.com\/fr\/wp-json\/wp\/v2\/posts\/440326","targetHints":{"allow":["GET"]}}],"collection":[{"href":"https:\/\/www.europesays.com\/fr\/wp-json\/wp\/v2\/posts"}],"about":[{"href":"https:\/\/www.europesays.com\/fr\/wp-json\/wp\/v2\/types\/post"}],"author":[{"embeddable":true,"href":"https:\/\/www.europesays.com\/fr\/wp-json\/wp\/v2\/users\/2"}],"replies":[{"embeddable":true,"href":"https:\/\/www.europesays.com\/fr\/wp-json\/wp\/v2\/comments?post=440326"}],"version-history":[{"count":0,"href":"https:\/\/www.europesays.com\/fr\/wp-json\/wp\/v2\/posts\/440326\/revisions"}],"wp:featuredmedia":[{"embeddable":true,"href":"https:\/\/www.europesays.com\/fr\/wp-json\/wp\/v2\/media\/440327"}],"wp:attachment":[{"href":"https:\/\/www.europesays.com\/fr\/wp-json\/wp\/v2\/media?parent=440326"}],"wp:term":[{"taxonomy":"category","embeddable":true,"href":"https:\/\/www.europesays.com\/fr\/wp-json\/wp\/v2\/categories?post=440326"},{"taxonomy":"post_tag","embeddable":true,"href":"https:\/\/www.europesays.com\/fr\/wp-json\/wp\/v2\/tags?post=440326"}],"curies":[{"name":"wp","href":"https:\/\/api.w.org\/{rel}","templated":true}]}}