{"id":440328,"date":"2025-10-05T07:59:11","date_gmt":"2025-10-05T07:59:11","guid":{"rendered":"https:\/\/www.europesays.com\/fr\/440328\/"},"modified":"2025-10-05T07:59:11","modified_gmt":"2025-10-05T07:59:11","slug":"en-direct-des-milliers-de-femmes-aux-couleurs-doctobre-rose-pour-la-16e-edition-de-la-strasbourgeoise","status":"publish","type":"post","link":"https:\/\/www.europesays.com\/fr\/440328\/","title":{"rendered":"En direct. Des milliers de femmes aux couleurs d\u2019Octobre Rose pour la 16e \u00e9dition de la Strasbourgeoise"},"content":{"rendered":"<p>Depuis 2016, la course la Strasbourgeoise est organis\u00e9e \u00e0 l\u2019occasion du mois Octobre rose, d\u00e9di\u00e9 \u00e0 la sensibilisation au cancer du sein. La course a la particularit\u00e9 d\u2019\u00eatre r\u00e9serv\u00e9e aux femmes (une marche, mixte, est aussi organis\u00e9e \u00e0 9h45).<\/p>\n<p>Sur les 15 \u20ac de participation demand\u00e9s pour s\u2019inscrire, 6 \u20ac seront revers\u00e9s \u00e0 l\u2019Institut de canc\u00e9rologie de Strasbourg (Icans) et au Centre de d\u00e9pistage des cancers (CRCDC) pour financer la recherche contre le cancer du sein et l\u2019accompagnement des malades.<\/p>\n","protected":false},"excerpt":{"rendered":"Depuis 2016, la course la Strasbourgeoise est organis\u00e9e \u00e0 l\u2019occasion du mois Octobre rose, d\u00e9di\u00e9 \u00e0 la sensibilisation&hellip;\n","protected":false},"author":2,"featured_media":440329,"comment_status":"","ping_status":"","sticky":false,"template":"","format":"standard","meta":{"footnotes":""},"categories":[2820],"tags":[1111,11,2649,2880,1777,674,107,1011,27,775,12,25,71,517,640,1631],"class_list":{"0":"post-440328","1":"post","2":"type-post","3":"status-publish","4":"format-standard","5":"has-post-thumbnail","7":"category-strasbourg","8":"tag-actu","9":"tag-actualites","10":"tag-bas-rhin","11":"tag-edition-strasbourg","12":"tag-eu","13":"tag-europe","14":"tag-fil-info","15":"tag-fr","16":"tag-france","17":"tag-grand-est","18":"tag-news","19":"tag-republique-francaise","20":"tag-sante","21":"tag-sport","22":"tag-strasbourg","23":"tag-vie-associative"},"share_on_mastodon":{"url":"https:\/\/pubeurope.com\/@fr\/115320505217588207","error":""},"_links":{"self":[{"href":"https:\/\/www.europesays.com\/fr\/wp-json\/wp\/v2\/posts\/440328","targetHints":{"allow":["GET"]}}],"collection":[{"href":"https:\/\/www.europesays.com\/fr\/wp-json\/wp\/v2\/posts"}],"about":[{"href":"https:\/\/www.europesays.com\/fr\/wp-json\/wp\/v2\/types\/post"}],"author":[{"embeddable":true,"href":"https:\/\/www.europesays.com\/fr\/wp-json\/wp\/v2\/users\/2"}],"replies":[{"embeddable":true,"href":"https:\/\/www.europesays.com\/fr\/wp-json\/wp\/v2\/comments?post=440328"}],"version-history":[{"count":0,"href":"https:\/\/www.europesays.com\/fr\/wp-json\/wp\/v2\/posts\/440328\/revisions"}],"wp:featuredmedia":[{"embeddable":true,"href":"https:\/\/www.europesays.com\/fr\/wp-json\/wp\/v2\/media\/440329"}],"wp:attachment":[{"href":"https:\/\/www.europesays.com\/fr\/wp-json\/wp\/v2\/media?parent=440328"}],"wp:term":[{"taxonomy":"category","embeddable":true,"href":"https:\/\/www.europesays.com\/fr\/wp-json\/wp\/v2\/categories?post=440328"},{"taxonomy":"post_tag","embeddable":true,"href":"https:\/\/www.europesays.com\/fr\/wp-json\/wp\/v2\/tags?post=440328"}],"curies":[{"name":"wp","href":"https:\/\/api.w.org\/{rel}","templated":true}]}}