{"id":440332,"date":"2025-10-05T08:01:15","date_gmt":"2025-10-05T08:01:15","guid":{"rendered":"https:\/\/www.europesays.com\/fr\/440332\/"},"modified":"2025-10-05T08:01:15","modified_gmt":"2025-10-05T08:01:15","slug":"les-proprietaires-danimaux-partagent-leurs-idees-a-la-suite-de-la-marche-pour-la-cause-animale-a-cagnes-sur-mer","status":"publish","type":"post","link":"https:\/\/www.europesays.com\/fr\/440332\/","title":{"rendered":"les propri\u00e9taires d\u2019animaux partagent leurs id\u00e9es \u00e0 la suite de la marche pour la cause animale \u00e0 Cagnes-sur-Mer"},"content":{"rendered":"<p class=\"fs-5 \">Voil\u00e0 des bestioles qui n\u2019ont pas fini de se dorer la pilule. Samedi matin, <a href=\"https:\/\/www.nicematin.com\/societe\/animaux\/plus-de-100-participants-a-la-marche-des-animaux-de-cagnes-ce-samedi-matin-10650756\" rel=\"nofollow noopener\" target=\"_blank\">la Ville de Cagnes-sur-Mer a organis\u00e9 sa premi\u00e8re marche des animaux<\/a>. Une centaine de participants ont profit\u00e9 de cette petite balade en bord de mer, en bonne compagnie. \u00abNous n\u2019attendions rien de ce rendez-vous, si ce n\u2019est rencontrer d\u2019autres propri\u00e9taires et leurs chiens\u00bb, expose Val\u00e9rie.<\/p>\n<p class=\"fs-5 \">C\u2019\u00e9tait pr\u00e9cis\u00e9ment l\u2019objectif de Blandine, \u00e0 l\u2019initiative de l\u2019\u00e9v\u00e9nement. \u00abDes associations \u00e9taient pr\u00e9sentes aux c\u00f4t\u00e9s des marcheurs afin de se faire conna\u00eetre. Il \u00e9tait possible de d\u00e9poser des dons en fin de parcours, qui leur seront redistribu\u00e9s\u00bb, sourit-elle. Outre du r\u00e9seau, que manque-t-il aux propri\u00e9taires d\u2019animaux azur\u00e9ens ?<\/p>\n<p class=\"fs-5 \"><strong>Pouvoir les l\u00e2cher<\/strong><\/p>\n<p class=\"fs-5 \">Ce sont les parcs, qui reviennent le plus souvent. Les propri\u00e9taires de chiens se plaignent de leur taille et de ne pas en avoir assez. \u00abCe qui serait encore mieux, ce serait des endroits o\u00f9 on peut les l\u00e2cher\u00bb, ajoute Corinne.<\/p>\n<p class=\"fs-5 \">Elle, va promener sa petite Saxo au lac du Broc et aux Ferrayones, \u00e0 Villeneuve-Loubet. \u00abMais on est cens\u00e9s les tenir en laisse. Ce qu\u2019elle aime aussi, c\u2019est la mer. Mais elle n\u2019est pas agile sur les galets. Alors, on va jusqu\u2019\u00e0 Saint-Aygulf\u00bb, termine-t-elle. Les plages de sable des Alpes-Maritimes sont malheureusement trop petites pour les grandes enjamb\u00e9es de son Cavalier King-Charles.<\/p>\n<p class=\"fs-5 \"><strong>Des caddys sp\u00e9ciaux<\/strong><\/p>\n<p class=\"fs-5 \">Val\u00e9rie sait tr\u00e8s bien ce qu\u2019elle aimerait voir : des caddys avec un petit panier \u00e0 l\u2019avant pour faire ses courses avec Emi, son Shih Tzu. Histoire de ne plus la laisser dehors ou dans la voiture. \u00abNous avons voyag\u00e9 avec notre chienne en Italie et tous les supermarch\u00e9s en avaient. C\u2019est vrai que c\u2019est pratique\u00bb, reconna\u00eet Magalie.<\/p>\n<p class=\"fs-5 \">Avec Lou, elle y a fait une autre d\u00e9couverte de taille: des plages priv\u00e9es pour les chiens. \u00abElle avait son petit transat, ses croquettes\u2026 il y avait m\u00eame une douche r\u00e9serv\u00e9e aux chiens\u00bb, raconte Lou. \u00abCe serait super de retrouver \u00e7a chez nous\u00bb, poursuit-elle, en regardant sa petite Suki, un Pinscher allemand crois\u00e9e avec un Jack Russell.<\/p>\n<p class=\"fs-5 \">Toutes deux alertent sur un danger qu\u2019elles estiment r\u00e9current:<a href=\"https:\/\/www.nicematin.com\/societe\/animaux\/un-chien-a-t-il-ete-empoisonne-au-parc-des-rives-du-loup-a-villeneuve-loubet-703898\" rel=\"nofollow noopener\" target=\"_blank\"> la pr\u00e9sence de boulettes empoisonn\u00e9es, diss\u00e9min\u00e9es \u00e0 Vaugrenier et au bord du Loup<\/a>.<\/p>\n<p class=\"fs-5 \">En 2021, un chien aurait \u00e9t\u00e9 empoisonn\u00e9 lors d\u2019une balade en famille au parc d\u00e9partemental de Villeneuve-Loubet.<\/p>\n<p class=\"fs-5 \">Une plainte avait \u00e9t\u00e9 d\u00e9pos\u00e9e.<\/p>\n","protected":false},"excerpt":{"rendered":"Voil\u00e0 des bestioles qui n\u2019ont pas fini de se dorer la pilule. Samedi matin, la Ville de Cagnes-sur-Mer&hellip;\n","protected":false},"author":2,"featured_media":440333,"comment_status":"","ping_status":"","sticky":false,"template":"","format":"standard","meta":{"footnotes":""},"categories":[2819],"tags":[1111,11,1777,674,1011,27,12,2401,882,25],"class_list":{"0":"post-440332","1":"post","2":"type-post","3":"status-publish","4":"format-standard","5":"has-post-thumbnail","7":"category-nice","8":"tag-actu","9":"tag-actualites","10":"tag-eu","11":"tag-europe","12":"tag-fr","13":"tag-france","14":"tag-news","15":"tag-nice","16":"tag-provence-alpes-cote-dazur","17":"tag-republique-francaise"},"share_on_mastodon":{"url":"https:\/\/pubeurope.com\/@fr\/115320513094047954","error":""},"_links":{"self":[{"href":"https:\/\/www.europesays.com\/fr\/wp-json\/wp\/v2\/posts\/440332","targetHints":{"allow":["GET"]}}],"collection":[{"href":"https:\/\/www.europesays.com\/fr\/wp-json\/wp\/v2\/posts"}],"about":[{"href":"https:\/\/www.europesays.com\/fr\/wp-json\/wp\/v2\/types\/post"}],"author":[{"embeddable":true,"href":"https:\/\/www.europesays.com\/fr\/wp-json\/wp\/v2\/users\/2"}],"replies":[{"embeddable":true,"href":"https:\/\/www.europesays.com\/fr\/wp-json\/wp\/v2\/comments?post=440332"}],"version-history":[{"count":0,"href":"https:\/\/www.europesays.com\/fr\/wp-json\/wp\/v2\/posts\/440332\/revisions"}],"wp:featuredmedia":[{"embeddable":true,"href":"https:\/\/www.europesays.com\/fr\/wp-json\/wp\/v2\/media\/440333"}],"wp:attachment":[{"href":"https:\/\/www.europesays.com\/fr\/wp-json\/wp\/v2\/media?parent=440332"}],"wp:term":[{"taxonomy":"category","embeddable":true,"href":"https:\/\/www.europesays.com\/fr\/wp-json\/wp\/v2\/categories?post=440332"},{"taxonomy":"post_tag","embeddable":true,"href":"https:\/\/www.europesays.com\/fr\/wp-json\/wp\/v2\/tags?post=440332"}],"curies":[{"name":"wp","href":"https:\/\/api.w.org\/{rel}","templated":true}]}}