{"id":440350,"date":"2025-10-05T08:11:11","date_gmt":"2025-10-05T08:11:11","guid":{"rendered":"https:\/\/www.europesays.com\/fr\/440350\/"},"modified":"2025-10-05T08:11:11","modified_gmt":"2025-10-05T08:11:11","slug":"le-quotidien-dun-papa-solo-par-gestation-pour-autrui-gpa-a-marseille","status":"publish","type":"post","link":"https:\/\/www.europesays.com\/fr\/440350\/","title":{"rendered":"le quotidien d\u2019un papa solo par gestation pour autrui (GPA) \u00e0 Marseille"},"content":{"rendered":"<p>Casting<\/p>\n<p>Billie, 22 mois et Willy, 41\u00a0ans.<\/p>\n<p>Logement<\/p>\n<p>Au deuxi\u00e8me \u00e9tage d\u2019un immeuble r\u00e9cent du 3e\u00a0arrondissement de <a href=\"https:\/\/www.laprovence.com\/bouches-du-rhone\/marseille-13055\" target=\"_blank\" rel=\"noopener\">Marseille<\/a>, l\u2019entr\u00e9e de l\u2019appartement donne sur un couloir. \u00c0 gauche la salle de bains et les deux chambres. Sur la porte de la chambre de Billie, des lettres en bois et en forme d\u2019animaux. \u00c0 l\u2019int\u00e9rieur, un grand lit au sol et une moustiquaire, des poup\u00e9es, des petites voitures et des peluches. \u00ab\u00a0C\u2019est important pour moi de lui montrer que tout est possible. Les jeux ne sont pas genr\u00e9s. Dans la rue, il adore regarder les voitures, faire du v\u00e9lo et \u00e0 la maison pr\u00e9parer \u00e0 manger pour ses b\u00e9b\u00e9s.\u00a0\u00bb Dans la chambre de Willy, une biblioth\u00e8que o\u00f9 se m\u00e9langent livres sur le genre et romans, une petite Frida Kahlo brod\u00e9e sur un mouchoir. Dans la penderie, un coin est r\u00e9serv\u00e9 aux costumes de drag queen, une activit\u00e9 que Willy aimerait reprendre dans le futur. De l\u2019autre c\u00f4t\u00e9 du couloir, une cuisine ouverte sur le salon et sur le balcon. Dans la cuisine, une tour d\u2019observation pour que Billie puisse participer. \u00ab\u00a0J\u2019ai achet\u00e9 des couteaux qui coupent les aliments et pas les doigts.\u00a0\u00bb Depuis le balcon, le petit gar\u00e7on parle aux passants et leur dit bonjour. Un drapeau LGBT est accroch\u00e9 sur&#8230;<\/p>\n","protected":false},"excerpt":{"rendered":"Casting Billie, 22 mois et Willy, 41\u00a0ans. Logement Au deuxi\u00e8me \u00e9tage d\u2019un immeuble r\u00e9cent du 3e\u00a0arrondissement de Marseille,&hellip;\n","protected":false},"author":2,"featured_media":440351,"comment_status":"","ping_status":"","sticky":false,"template":"","format":"standard","meta":{"footnotes":""},"categories":[2814],"tags":[17,1111,11,3694,2837,1777,674,652,1011,27,884,12,16194,5912,882,1404,25,104,25042],"class_list":{"0":"post-440350","1":"post","2":"type-post","3":"status-publish","4":"format-standard","5":"has-post-thumbnail","7":"category-marseille","8":"tag-17","9":"tag-actu","10":"tag-actualites","11":"tag-affaires","12":"tag-dun","13":"tag-eu","14":"tag-europe","15":"tag-famille","16":"tag-fr","17":"tag-france","18":"tag-marseille","19":"tag-news","20":"tag-papa","21":"tag-par","22":"tag-provence-alpes-cote-dazur","23":"tag-quotidien","24":"tag-republique-francaise","25":"tag-societe","26":"tag-solo"},"share_on_mastodon":{"url":"https:\/\/pubeurope.com\/@fr\/115320552399472538","error":""},"_links":{"self":[{"href":"https:\/\/www.europesays.com\/fr\/wp-json\/wp\/v2\/posts\/440350","targetHints":{"allow":["GET"]}}],"collection":[{"href":"https:\/\/www.europesays.com\/fr\/wp-json\/wp\/v2\/posts"}],"about":[{"href":"https:\/\/www.europesays.com\/fr\/wp-json\/wp\/v2\/types\/post"}],"author":[{"embeddable":true,"href":"https:\/\/www.europesays.com\/fr\/wp-json\/wp\/v2\/users\/2"}],"replies":[{"embeddable":true,"href":"https:\/\/www.europesays.com\/fr\/wp-json\/wp\/v2\/comments?post=440350"}],"version-history":[{"count":0,"href":"https:\/\/www.europesays.com\/fr\/wp-json\/wp\/v2\/posts\/440350\/revisions"}],"wp:featuredmedia":[{"embeddable":true,"href":"https:\/\/www.europesays.com\/fr\/wp-json\/wp\/v2\/media\/440351"}],"wp:attachment":[{"href":"https:\/\/www.europesays.com\/fr\/wp-json\/wp\/v2\/media?parent=440350"}],"wp:term":[{"taxonomy":"category","embeddable":true,"href":"https:\/\/www.europesays.com\/fr\/wp-json\/wp\/v2\/categories?post=440350"},{"taxonomy":"post_tag","embeddable":true,"href":"https:\/\/www.europesays.com\/fr\/wp-json\/wp\/v2\/tags?post=440350"}],"curies":[{"name":"wp","href":"https:\/\/api.w.org\/{rel}","templated":true}]}}