{"id":440354,"date":"2025-10-05T08:13:10","date_gmt":"2025-10-05T08:13:10","guid":{"rendered":"https:\/\/www.europesays.com\/fr\/440354\/"},"modified":"2025-10-05T08:13:10","modified_gmt":"2025-10-05T08:13:10","slug":"le-suspect-interpelle-la-victime-sest-volatilisee","status":"publish","type":"post","link":"https:\/\/www.europesays.com\/fr\/440354\/","title":{"rendered":"le suspect interpell\u00e9, la victime s&rsquo;est volatilis\u00e9e"},"content":{"rendered":"<p itemprop=\"description\"><strong>C&rsquo;est un secteur en proie au trafic de drogue.<\/strong><\/p>\n<p><strong>Mise \u00e0 jour dimanche \u00e0 9h25<\/strong> : Selon nos informations, l&rsquo;auteur pr\u00e9sum\u00e9 des coups de feu a \u00e9t\u00e9 interpell\u00e9 samedi. Autre rebondissement dans l&rsquo;affaire : la victime, un \u00e9tranger en situation irr\u00e9guli\u00e8re, a disparu avant son op\u00e9ration de la cheville \u00e0 l&rsquo;h\u00f4pital. L&rsquo;enqu\u00eate se poursuit.<\/p>\n<p><strong>Article initial <\/strong>: Ce vendredi en fin d&rsquo;apr\u00e8s-midi, une fusillade a \u00e9clat\u00e9 dans le 3e arrondissement de Lyon. A l&rsquo;angle des rues Vend\u00f4me et des Rancy, sur la petite cour de la Maison pour Tous, un homme a \u00e9t\u00e9 la cible de tirs d&rsquo;arme \u00e0 feu peu apr\u00e8s 18h.<\/p>\n<p>La victime a \u00e9t\u00e9 bless\u00e9e au pied et a \u00e9t\u00e9 prise en charge par les secours. Le tireur, arriv\u00e9 \u00e0 trottinette, est parvenu \u00e0 s&rsquo;enfuir. Il est activement recherch\u00e9.<\/p>\n<p>Une enqu\u00eate a \u00e9t\u00e9 ouverte pour faire la lumi\u00e8re sur cette tentative de meurtre.<\/p>\n","protected":false},"excerpt":{"rendered":"C&rsquo;est un secteur en proie au trafic de drogue. Mise \u00e0 jour dimanche \u00e0 9h25 : Selon nos&hellip;\n","protected":false},"author":2,"featured_media":440355,"comment_status":"","ping_status":"","sticky":false,"template":"","format":"standard","meta":{"footnotes":""},"categories":[1889],"tags":[1111,11,2813,2190,2430,1109,251,1112,2811,1777,674,118,1011,27,1922,1110,1114,2428,2810,12,241,316,25,2812,517,800],"class_list":{"0":"post-440354","1":"post","2":"type-post","3":"status-publish","4":"format-standard","5":"has-post-thumbnail","7":"category-lyon","8":"tag-actu","9":"tag-actualites","10":"tag-article","11":"tag-asvel","12":"tag-auvergne-rhone-alpes","13":"tag-breves","14":"tag-culture","15":"tag-depeches","16":"tag-economique","17":"tag-eu","18":"tag-europe","19":"tag-faits-divers","20":"tag-fr","21":"tag-france","22":"tag-info","23":"tag-informations","24":"tag-infos","25":"tag-lyon","26":"tag-lyonmag","27":"tag-news","28":"tag-ol","29":"tag-politique","30":"tag-republique-francaise","31":"tag-sociale","32":"tag-sport","33":"tag-transports"},"share_on_mastodon":{"url":"https:\/\/pubeurope.com\/@fr\/115320560270367510","error":""},"_links":{"self":[{"href":"https:\/\/www.europesays.com\/fr\/wp-json\/wp\/v2\/posts\/440354","targetHints":{"allow":["GET"]}}],"collection":[{"href":"https:\/\/www.europesays.com\/fr\/wp-json\/wp\/v2\/posts"}],"about":[{"href":"https:\/\/www.europesays.com\/fr\/wp-json\/wp\/v2\/types\/post"}],"author":[{"embeddable":true,"href":"https:\/\/www.europesays.com\/fr\/wp-json\/wp\/v2\/users\/2"}],"replies":[{"embeddable":true,"href":"https:\/\/www.europesays.com\/fr\/wp-json\/wp\/v2\/comments?post=440354"}],"version-history":[{"count":0,"href":"https:\/\/www.europesays.com\/fr\/wp-json\/wp\/v2\/posts\/440354\/revisions"}],"wp:featuredmedia":[{"embeddable":true,"href":"https:\/\/www.europesays.com\/fr\/wp-json\/wp\/v2\/media\/440355"}],"wp:attachment":[{"href":"https:\/\/www.europesays.com\/fr\/wp-json\/wp\/v2\/media?parent=440354"}],"wp:term":[{"taxonomy":"category","embeddable":true,"href":"https:\/\/www.europesays.com\/fr\/wp-json\/wp\/v2\/categories?post=440354"},{"taxonomy":"post_tag","embeddable":true,"href":"https:\/\/www.europesays.com\/fr\/wp-json\/wp\/v2\/tags?post=440354"}],"curies":[{"name":"wp","href":"https:\/\/api.w.org\/{rel}","templated":true}]}}