{"id":440358,"date":"2025-10-05T08:15:29","date_gmt":"2025-10-05T08:15:29","guid":{"rendered":"https:\/\/www.europesays.com\/fr\/440358\/"},"modified":"2025-10-05T08:15:29","modified_gmt":"2025-10-05T08:15:29","slug":"quelles-sont-les-villes-les-moins-stressantes-dile-de-france-decouvrez-notre-palmares","status":"publish","type":"post","link":"https:\/\/www.europesays.com\/fr\/440358\/","title":{"rendered":"Quelles sont les villes les moins stressantes d&rsquo;\u00cele-de-France\u00a0? D\u00e9couvrez notre palmar\u00e8s"},"content":{"rendered":"<p><strong>EXCLUSIF &#8211;<\/strong> Nous avons compar\u00e9 les villes d\u2019\u00cele-de-France pour savoir o\u00f9 la nervosit\u00e9 des habitants \u00e9tait la moins mise \u00e0 l\u2019\u00e9preuve. D\u00e9couvrez les r\u00e9sultats pr\u00e8s de chez vous.<\/p>\n<p class=\"fig-paragraph\">C\u2019est le mal du 21e si\u00e8cle. Selon une r\u00e9cente \u00e9tude,\u00a0<a href=\"https:\/\/cms.boiron-pro.fr\/sites\/default\/content\/2023-05\/BoironIPSOS_CPstress_mars23-VF_0.pdf\" target=\"_blank\" rel=\"nofollow noopener\" data-gtm-custom-categorie=\"navigation\" data-gtm-custom-action=\"crossclick\" data-gtm-custom-label=\"Contextuel\" data-gtm-event=\"customEventSPE\">deux Fran\u00e7ais sur trois seraient stress\u00e9s<\/a>. Les facteurs sont nombreux: actualit\u00e9 anxiog\u00e8ne, surcharge de travail, pression familiale ou scolaire. Mais le lieu de r\u00e9sidence a \u00e9galement un impact important sur la sant\u00e9 mentale des habitants.\u00a0<\/p>\n<p class=\"fig-paragraph\">Embouteillages, manque de verdure, transports bond\u00e9s et d\u00e9faillants, incivilit\u00e9s.. La vie en ville peut\u00a0<a href=\"http:\/\/www.lefigaro.fr\/conjoncture\/stress-agressions-retards-quand-les-franciliens-fuient-paris-a-cause-des-transports-en-commun-20230426\" data-fig-type=\"Article\" data-gtm-custom-categorie=\"navigation\" data-gtm-custom-action=\"crossclick\" data-gtm-custom-label=\"Contextuel\" data-gtm-event=\"customEventSPE\" data-fig-domain=\"LEFIGARO\" rel=\"nofollow noopener\" target=\"_blank\">mettre les nerfs des habitants \u00e0 rude \u00e9preuve<\/a>.\u00a0 Avec plus de 12 millions d\u2019habitants, l\u2019\u00cele-de-France est r\u00e9put\u00e9e pour \u00eatre l\u2019une des r\u00e9gions les plus stressantes de l\u2019hexagone. Mais des havres de paix existent. Nous avons compar\u00e9 les principales communes de la r\u00e9gion sur la base de 19 crit\u00e8res qui influent sur la nervosit\u00e9 (densit\u00e9, bruit &amp; travaux urbains, d\u00e9gradations et incivilit\u00e9s, transports etc&#8230;). D\u00e9couvrez quelles sont celles o\u00f9 la vie est la plus paisible et tous les chiffres pr\u00e8s de chez vous.<\/p>\n<p class=\"fig-premium-paywall__infos\">\n        Cet article est r\u00e9serv\u00e9 aux abonn\u00e9s.        Il vous reste 93% \u00e0 d\u00e9couvrir.\n    <\/p>\n<p>                <img  data- alt=\"Le Figaro\" class=\"fig-img--complete fig-img\"\/><\/p>\n<p class=\"fig-premium-paywall__title\">Vous avez envie de lire la suite ?<\/p>\n<p class=\"fig-premium-paywall__subtitle\">D\u00e9bloquez tous les articles imm\u00e9diatement.<\/p>\n<p class=\"fig-premium-paywall__connect\">\n                D\u00e9j\u00e0 abonn\u00e9\u00a0?                <a class=\"fig-premium-paywall__connect-link\" href=\"https:\/\/connect.lefigaro.fr\/login?client=horizon_web&amp;type=main&amp;redirect_uri=https%3A%2F%2Fwww.lefigaro.fr%2Factualite-france%2Fquelles-sont-les-villes-les-moins-stressantes-d-ile-de-france-decouvrez-notre-palmares-20250120\" data-js-gtm=\"{&quot;customCategorie&quot;: &quot;conversion&quot;, &quot;customAction&quot;: &quot;before_Landing_Connexion_paywall_manuel&quot;, &quot;customLabel&quot;: &quot;bGVmaWdhcm8uZnJfXzFlZmM4ZThjLTdlMzQtNjNmMC1iMmY5LTdiMmFhYTUwNTQ3YV9fQXJ0aWNsZQ==_Quelles sont les villes les moins stressantes d&#039;\u00cele-de-France\u00a0? D\u00e9couvrez notre palmar\u00e8s_969&quot;, &quot;customIDSPE&quot;: &quot;bGVmaWdhcm8uZnJfXzFlZmM4ZThjLTdlMzQtNjNmMC1iMmY5LTdiMmFhYTUwNTQ3YV9fQXJ0aWNsZQ==&quot;, &quot;event&quot;: &quot;customEventSPE&quot;}\" rel=\"nofollow noopener\" target=\"_blank\"><br \/>\n                    Connectez-vous<br \/>\n                <\/a>\n            <\/p>\n","protected":false},"excerpt":{"rendered":"EXCLUSIF &#8211; Nous avons compar\u00e9 les villes d\u2019\u00cele-de-France pour savoir o\u00f9 la nervosit\u00e9 des habitants \u00e9tait la moins&hellip;\n","protected":false},"author":2,"featured_media":440359,"comment_status":"","ping_status":"","sticky":false,"template":"","format":"standard","meta":{"footnotes":""},"categories":[1592],"tags":[1111,11,1777,674,1011,27,662,12,626,25,4990],"class_list":{"0":"post-440358","1":"post","2":"type-post","3":"status-publish","4":"format-standard","5":"has-post-thumbnail","7":"category-ile-de-france","8":"tag-actu","9":"tag-actualites","10":"tag-eu","11":"tag-europe","12":"tag-fr","13":"tag-france","14":"tag-ile-de-france","15":"tag-news","16":"tag-paris","17":"tag-republique-francaise","18":"tag-stress"},"share_on_mastodon":{"url":"https:\/\/pubeurope.com\/@fr\/115320568162669377","error":""},"_links":{"self":[{"href":"https:\/\/www.europesays.com\/fr\/wp-json\/wp\/v2\/posts\/440358","targetHints":{"allow":["GET"]}}],"collection":[{"href":"https:\/\/www.europesays.com\/fr\/wp-json\/wp\/v2\/posts"}],"about":[{"href":"https:\/\/www.europesays.com\/fr\/wp-json\/wp\/v2\/types\/post"}],"author":[{"embeddable":true,"href":"https:\/\/www.europesays.com\/fr\/wp-json\/wp\/v2\/users\/2"}],"replies":[{"embeddable":true,"href":"https:\/\/www.europesays.com\/fr\/wp-json\/wp\/v2\/comments?post=440358"}],"version-history":[{"count":0,"href":"https:\/\/www.europesays.com\/fr\/wp-json\/wp\/v2\/posts\/440358\/revisions"}],"wp:featuredmedia":[{"embeddable":true,"href":"https:\/\/www.europesays.com\/fr\/wp-json\/wp\/v2\/media\/440359"}],"wp:attachment":[{"href":"https:\/\/www.europesays.com\/fr\/wp-json\/wp\/v2\/media?parent=440358"}],"wp:term":[{"taxonomy":"category","embeddable":true,"href":"https:\/\/www.europesays.com\/fr\/wp-json\/wp\/v2\/categories?post=440358"},{"taxonomy":"post_tag","embeddable":true,"href":"https:\/\/www.europesays.com\/fr\/wp-json\/wp\/v2\/tags?post=440358"}],"curies":[{"name":"wp","href":"https:\/\/api.w.org\/{rel}","templated":true}]}}