{"id":440362,"date":"2025-10-05T08:17:12","date_gmt":"2025-10-05T08:17:12","guid":{"rendered":"https:\/\/www.europesays.com\/fr\/440362\/"},"modified":"2025-10-05T08:17:12","modified_gmt":"2025-10-05T08:17:12","slug":"si-la-donne-ne-change-pas-nous-nous-dirigeons-vers-la-censure-avertit-le-socialiste-olivier-faure","status":"publish","type":"post","link":"https:\/\/www.europesays.com\/fr\/440362\/","title":{"rendered":"\u00ab\u00a0Si la donne ne change pas, nous nous dirigeons vers la censure\u00a0\u00bb, avertit le socialiste Olivier Faure"},"content":{"rendered":"<p>Il lui laisse jusqu&rsquo;\u00e0 mardi. Le premier secr\u00e9taire du Parti socialiste a encore accru la pression sur S\u00e9bastien Lecornu, samedi 4 octobre, dans un entretien au\u00a0<a href=\"https:\/\/www.leparisien.fr\/politique\/olivier-faure-nous-nous-dirigeons-tout-droit-vers-la-censure-04-10-2025-QTSM4VTMVRDSXKUQ6KWBMMZIRM.php\" target=\"_blank\" rel=\"noopener nofollow\">Parisien<\/a>. Alors que la composition du gouvernement se fait attendre, Olivier Faure a estim\u00e9 que si \u00ab\u00a0le renoncement au 49.3 est un premier boug\u00e9\u00a0\u00bb, le nouveau Premier ministre n&rsquo;a pas donn\u00e9 de vrais \u00ab\u00a0signes d&rsquo;un compromis\u00a0\u00bb possible. \u00ab\u00a0Si la donne ne change pas, nous nous dirigeons tout droit vers la censure\u00a0\u00bb, a-t-il averti, affirmant que le PS se laissait jusqu&rsquo;au\u00a0\u00ab\u00a0discours de politique g\u00e9n\u00e9rale\u00a0\u00bb de S\u00e9bastien Lecornu, attendu mardi, pour se d\u00e9cider. Suivez notre direct.<\/p>\n<p class=\"c-body__bullet\"><strong> LR fait durer le suspense.<\/strong> Les R\u00e9publicains ont report\u00e9 \u00e0 dimanche la r\u00e9union initialement pr\u00e9vue la veille, durant laquelle ils se d\u00e9cideront sur leur participation au gouvernement. \u00ab\u00a0Les \u00e9changes avec Matignon se sont poursuivis aujourd&rsquo;hui mais ont encore besoin d&rsquo;\u00eatre prolong\u00e9s\u00a0\u00bb, a expliqu\u00e9 le pr\u00e9sident de LR, Bruno Retailleau.<\/p>\n<p class=\"c-body__bullet\"> <strong>Le Modem hausse le ton. <\/strong>Samedi soir, les d\u00e9put\u00e9s du mouvement de Fran\u00e7ois Bayrou ont demand\u00e9 \u00ab\u00a0une clarification\u00a0\u00bb au Premier ministre avant de s&rsquo;engager sur leur soutien au gouvernement. Il\u00a0\u00ab\u00a0ne serait pas acceptable que le pacte que nous formons avec les forces du bloc central depuis 2017 ne soit d\u00e9sormais plus que la variable d&rsquo;ajustement de n\u00e9gociations avec la Droite r\u00e9publicaine ou le Parti socialiste\u00a0\u00bb, pr\u00e9viennent-ils dans un courrier.<\/p>\n<p class=\"c-body__bullet\"> <strong>S\u00e9bastien Lecornu veut r\u00e9duire un imp\u00f4t pay\u00e9 par les entreprises. <\/strong>Le Premier ministre\u00a0a d\u00e9cid\u00e9 d&rsquo;inscrire\u00a0<a href=\"https:\/\/www.franceinfo.fr\/economie\/budget\/retraite-des-femmes-impot-sur-le-revenu-prime-macron-quelles-sont-les-premieres-pistes-de-sebastien-lecornu-pour-le-budget_7529086.html\" rel=\"nofollow noopener\" target=\"_blank\">dans son projet de budget<\/a>\u00a0une baisse de la cotisation sur la valeur ajout\u00e9e des entreprises (CVAE), a appris France T\u00e9l\u00e9visions aupr\u00e8s de son entourage, samedi.\u00a0\u00ab\u00a0Cette baisse de la CVAE est un soutien direct au produire en France\u00a0\u00bb, a d\u00e9fendu Matignon, tout en reconnaissant que la mesure\u00a0\u00ab\u00a0repr\u00e9senterait un co\u00fbt de 1,1 milliard d&rsquo;euros pour 2026 pour les finances publiques\u00a0\u00bb.<\/p>\n","protected":false},"excerpt":{"rendered":"Il lui laisse jusqu&rsquo;\u00e0 mardi. Le premier secr\u00e9taire du Parti socialiste a encore accru la pression sur S\u00e9bastien&hellip;\n","protected":false},"author":2,"featured_media":440363,"comment_status":"","ping_status":"","sticky":false,"template":"","format":"standard","meta":{"footnotes":""},"categories":[1888],"tags":[1111,1928,11,1927,1777,674,1011,27,12,1926,626,1925,25],"class_list":{"0":"post-440362","1":"post","2":"type-post","3":"status-publish","4":"format-standard","5":"has-post-thumbnail","7":"category-paris","8":"tag-actu","9":"tag-actu-paris","10":"tag-actualites","11":"tag-actualites-paris","12":"tag-eu","13":"tag-europe","14":"tag-fr","15":"tag-france","16":"tag-news","17":"tag-news-paris","18":"tag-paris","19":"tag-paris-news","20":"tag-republique-francaise"},"share_on_mastodon":{"url":"https:\/\/pubeurope.com\/@fr\/115320575957629885","error":""},"_links":{"self":[{"href":"https:\/\/www.europesays.com\/fr\/wp-json\/wp\/v2\/posts\/440362","targetHints":{"allow":["GET"]}}],"collection":[{"href":"https:\/\/www.europesays.com\/fr\/wp-json\/wp\/v2\/posts"}],"about":[{"href":"https:\/\/www.europesays.com\/fr\/wp-json\/wp\/v2\/types\/post"}],"author":[{"embeddable":true,"href":"https:\/\/www.europesays.com\/fr\/wp-json\/wp\/v2\/users\/2"}],"replies":[{"embeddable":true,"href":"https:\/\/www.europesays.com\/fr\/wp-json\/wp\/v2\/comments?post=440362"}],"version-history":[{"count":0,"href":"https:\/\/www.europesays.com\/fr\/wp-json\/wp\/v2\/posts\/440362\/revisions"}],"wp:featuredmedia":[{"embeddable":true,"href":"https:\/\/www.europesays.com\/fr\/wp-json\/wp\/v2\/media\/440363"}],"wp:attachment":[{"href":"https:\/\/www.europesays.com\/fr\/wp-json\/wp\/v2\/media?parent=440362"}],"wp:term":[{"taxonomy":"category","embeddable":true,"href":"https:\/\/www.europesays.com\/fr\/wp-json\/wp\/v2\/categories?post=440362"},{"taxonomy":"post_tag","embeddable":true,"href":"https:\/\/www.europesays.com\/fr\/wp-json\/wp\/v2\/tags?post=440362"}],"curies":[{"name":"wp","href":"https:\/\/api.w.org\/{rel}","templated":true}]}}