{"id":440364,"date":"2025-10-05T08:18:10","date_gmt":"2025-10-05T08:18:10","guid":{"rendered":"https:\/\/www.europesays.com\/fr\/440364\/"},"modified":"2025-10-05T08:18:10","modified_gmt":"2025-10-05T08:18:10","slug":"jazz-sur-le-vif-orchestre-national-de-jazz-with-carla-au-studio-104-a-paris","status":"publish","type":"post","link":"https:\/\/www.europesays.com\/fr\/440364\/","title":{"rendered":"Jazz sur le vif\u00a0: Orchestre National de Jazz \u00a0\u00bb With Carla \u00a0\u00bb au Studio 104 \u00e0 Paris"},"content":{"rendered":"<p>Orchestre National de Jazz Sylvaine H\u00e9lary \u00a0\u00bb With Carla \u00ab\u00a0<\/p>\n<p class=\"PopSlotParagraph qg-tx2 qg-xtra-lh svelte-1r0pyek\"><strong>Sylvaine H\u00e9lary<\/strong> (fl\u00fbtes traversi\u00e8res, voix, conception, arrangements)<br \/><strong>R\u00e9mi Sciuto<\/strong> (saxophones alto, soprano, baryton, fl\u00fbtes traversi\u00e8res, clarinette, voix, arrangements)<br \/><strong>L\u00e9a Ciechelski<\/strong> (saxophone alto, soprano, fl\u00fbte traversi\u00e8re)<br \/><strong>Hugues Mayot<\/strong> (saxophone t\u00e9nor, clarinette, clarinette basse)<br \/><strong>Sylvain Bardiau<\/strong> (trompette)<br \/><strong>Quentin Ghomari<\/strong> (trompette)<br \/><strong>Jessica Simon<\/strong> (trombone)<br \/><strong>Mathilde F\u00e8vre<\/strong> (cor)<br \/><strong>Fanny Meteier<\/strong> (tuba)<br \/><strong>Laure Franz<\/strong> (violon)<br \/><strong>Anne Le Pape<\/strong> (violon)<br \/><strong>Guillaume Roy<\/strong> (alto, voix)<br \/><strong>Juliette Serrad<\/strong> (violoncelle, voix)<br \/><strong>Antonin Rayon<\/strong> (piano, orgue hammond)<br \/><strong>Illya Amar<\/strong> (vibraphone, percussions)<br \/><strong>S\u00e9bastien Boisseau<\/strong> (contrebasse)<br \/><strong>Franck Vaillant<\/strong> (batterie)<\/p>\n","protected":false},"excerpt":{"rendered":"Orchestre National de Jazz Sylvaine H\u00e9lary \u00a0\u00bb With Carla \u00ab\u00a0 Sylvaine H\u00e9lary (fl\u00fbtes traversi\u00e8res, voix, conception, arrangements)R\u00e9mi Sciuto&hellip;\n","protected":false},"author":2,"featured_media":440365,"comment_status":"","ping_status":"","sticky":false,"template":"","format":"standard","meta":{"footnotes":""},"categories":[1888],"tags":[1111,1928,11,1927,1777,674,1011,27,12,1926,626,1925,25],"class_list":{"0":"post-440364","1":"post","2":"type-post","3":"status-publish","4":"format-standard","5":"has-post-thumbnail","7":"category-paris","8":"tag-actu","9":"tag-actu-paris","10":"tag-actualites","11":"tag-actualites-paris","12":"tag-eu","13":"tag-europe","14":"tag-fr","15":"tag-france","16":"tag-news","17":"tag-news-paris","18":"tag-paris","19":"tag-paris-news","20":"tag-republique-francaise"},"share_on_mastodon":{"url":"https:\/\/pubeurope.com\/@fr\/115320579925325055","error":""},"_links":{"self":[{"href":"https:\/\/www.europesays.com\/fr\/wp-json\/wp\/v2\/posts\/440364","targetHints":{"allow":["GET"]}}],"collection":[{"href":"https:\/\/www.europesays.com\/fr\/wp-json\/wp\/v2\/posts"}],"about":[{"href":"https:\/\/www.europesays.com\/fr\/wp-json\/wp\/v2\/types\/post"}],"author":[{"embeddable":true,"href":"https:\/\/www.europesays.com\/fr\/wp-json\/wp\/v2\/users\/2"}],"replies":[{"embeddable":true,"href":"https:\/\/www.europesays.com\/fr\/wp-json\/wp\/v2\/comments?post=440364"}],"version-history":[{"count":0,"href":"https:\/\/www.europesays.com\/fr\/wp-json\/wp\/v2\/posts\/440364\/revisions"}],"wp:featuredmedia":[{"embeddable":true,"href":"https:\/\/www.europesays.com\/fr\/wp-json\/wp\/v2\/media\/440365"}],"wp:attachment":[{"href":"https:\/\/www.europesays.com\/fr\/wp-json\/wp\/v2\/media?parent=440364"}],"wp:term":[{"taxonomy":"category","embeddable":true,"href":"https:\/\/www.europesays.com\/fr\/wp-json\/wp\/v2\/categories?post=440364"},{"taxonomy":"post_tag","embeddable":true,"href":"https:\/\/www.europesays.com\/fr\/wp-json\/wp\/v2\/tags?post=440364"}],"curies":[{"name":"wp","href":"https:\/\/api.w.org\/{rel}","templated":true}]}}