{"id":440376,"date":"2025-10-05T08:24:12","date_gmt":"2025-10-05T08:24:12","guid":{"rendered":"https:\/\/www.europesays.com\/fr\/440376\/"},"modified":"2025-10-05T08:24:12","modified_gmt":"2025-10-05T08:24:12","slug":"en-difficulte-le-parti-conservateur-doit-se-reaffirmer-lors-de-son-congres-annuel","status":"publish","type":"post","link":"https:\/\/www.europesays.com\/fr\/440376\/","title":{"rendered":"en difficult\u00e9, le Parti conservateur doit se r\u00e9affirmer lors de son congr\u00e8s annuel"},"content":{"rendered":"<p class=\"mb-4 text-lg md:leading-8 break-words\">Le Parti conservateur britannique se r\u00e9unit \u00e0 partir de ce dimanche 5 octobre \u00e0 Manchester pour son congr\u00e8s annuel. \u00c0 la t\u00eate du gouvernement pendant 14 ans, les Tories ont subi en 2024 l\u2019une des pires d\u00e9faites de leur histoire. En un an, le parti a perdu 10\u00a0000 adh\u00e9rents. Cette r\u00e9union doit permettre au parti de se r\u00e9affirmer comme parti de gouvernement, mais ce n\u2019est pas gagn\u00e9.<\/p>\n<p class=\"mb-4 text-lg md:leading-8 break-words\">Ce Congr\u00e8s marque le premier anniversaire de <a href=\"https:\/\/www.rfi.fr\/fr\/europe\/20241102-royaume-uni-kemi-badenoch-succ\u00e8de-\u00e0-rishi-sunak-\u00e0-la-t\u00eate-des-conservateurs\" rel=\"nofollow noopener\" target=\"_blank\" data-ylk=\"slk:Kemi Badenoch;elm:context_link;itc:0;sec:content-canvas\" class=\"link \"><strong>Kemi Badenoch<\/strong><\/a> \u00e0 la t\u00eate du Parti conservateur. Mais en un an, la cheffe de l\u2019opposition n\u2019a pas r\u00e9ussi \u00e0 redonner de l\u2019\u00e9lan aux Tories, rapporte notre correspondante \u00e0 Londres, <strong>Emeline Vin<\/strong>.<\/p>\n<p class=\"mb-4 text-lg md:leading-8 break-words\">Premier probl\u00e8me\u00a0: l\u2019\u00e9mergence du parti d\u2019extr\u00eame droite nationaliste Reform. Lors du congr\u00e8s du parti, d\u00e9but septembre, son leader <a href=\"https:\/\/www.rfi.fr\/fr\/europe\/20240705-royaume-uni-nigel-farage-entre-au-parlement-et-estime-que-ce-n-est-que-le-d\u00e9but-pour-sa-formation-reform-uk\" rel=\"nofollow noopener\" target=\"_blank\" data-ylk=\"slk:Nigel Farage;elm:context_link;itc:0;sec:content-canvas\" class=\"link \"><strong>Nigel Farage<\/strong><\/a>, port\u00e9 par ses succ\u00e8s \u00e9lectoraux, a annonc\u00e9 son intention de s&rsquo;installer au 10 Downing Street. Chaque semaine, des grands noms conservateurs annoncent leur d\u00e9fection vers la formation nationaliste et anti-immigration, que les <a href=\"https:\/\/fr.news.yahoo.com\/royaume-uni-d%C3%A9fis-keir-starmer-202036599.html\" data-ylk=\"slk:travaillistes au pouvoir;elm:context_link;itc:0;sec:content-canvas;outcm:mb_qualified_link;_E:mb_qualified_link;ct:story;\" class=\"link  yahoo-link\" target=\"_blank\" rel=\"noopener\"><strong>travaillistes au pouvoir<\/strong><\/a> consid\u00e8rent d\u2019ailleurs d\u00e9sormais comme leur principal adversaire.<\/p>\n<p class=\"mb-4 text-lg md:leading-8 break-words\">\u00c0 lire aussi<a href=\"https:\/\/www.rfi.fr\/fr\/europe\/20250505-royaume-uni-apr\u00e8s-ses-succ\u00e8s-\u00e9lectoraux-l-extr\u00eame-droite-de-reform-uk-affiche-ses-ambitions-nationales\" class=\"link \" rel=\"nofollow noopener\" target=\"_blank\" data-ylk=\"slk:Royaume-Uni: apr\u00e8s ses succ\u00e8s \u00e9lectoraux, l&#039;extr\u00eame droite de Reform UK affiche ses ambitions nationales;elm:context_link;itc:0;sec:content-canvas\">Royaume-Uni: apr\u00e8s ses succ\u00e8s \u00e9lectoraux, l&rsquo;extr\u00eame droite de Reform UK affiche ses ambitions nationales<\/a><\/p>\n<p class=\"mb-4 text-lg md:leading-8 break-words\">R\u00e9sultat\u00a0: Kemi Badenoch encha\u00eene les promesses politiques marqu\u00e9es tr\u00e8s \u00e0 droite : abandon des objectifs environnementaux, durcissement des r\u00e8gles migratoires, divorce avec la Cour europ\u00e9enne des droits humains&#8230; Les conservateurs les plus mod\u00e9r\u00e9s, au centre-droit, ne se reconnaissent plus dans le parti \u00e0 l\u2019arbre bleu. Les cadres s\u2019inqui\u00e8tent, en priv\u00e9, d\u2019une participation annonc\u00e9e en baisse.<\/p>\n<p class=\"mb-4 text-lg md:leading-8 break-words\">Au-del\u00e0 des sympathisants, ces quatre jours de congr\u00e8s \u00e0 Manchester doivent aussi servir \u00e0 restaurer un peu de cr\u00e9dibilit\u00e9 \u00e0 un parti qui a encha\u00een\u00e9 les scandales ces derni\u00e8res ann\u00e9es, \u00e0 commencer par ceux qui entachent la mandature de l&rsquo;ancien Premier ministre <a href=\"https:\/\/www.rfi.fr\/fr\/tag\/boris-johnson\/\" rel=\"nofollow noopener\" target=\"_blank\" data-ylk=\"slk:Boris Johnson;elm:context_link;itc:0;sec:content-canvas\" class=\"link \"><strong>Boris Johnson<\/strong><\/a>. Selon l\u2019institut YouGov, pr\u00e8s de six Britanniques sur dix estiment que les Tories sont en passe de devenir un parti mineur dans le paysage politique.<\/p>\n<p class=\"mb-4 text-lg md:leading-8 break-words\">\u00c0 lire aussi<a href=\"https:\/\/fr.news.yahoo.com\/royaume-uni-boris-johnson-%C3%A9pingl%C3%A9-233248948.html\" class=\"link  yahoo-link\" data-ylk=\"slk:Royaume-Uni: Boris Johnson \u00e9pingl\u00e9 par la presse pour s&#039;\u00eatre enrichi gr\u00e2ce \u00e0 son ancien r\u00e9seau de ministre;elm:context_link;itc:0;sec:content-canvas;outcm:mb_qualified_link;_E:mb_qualified_link;ct:story;\" target=\"_blank\" rel=\"noopener\">Royaume-Uni: Boris Johnson \u00e9pingl\u00e9 par la presse pour s&rsquo;\u00eatre enrichi gr\u00e2ce \u00e0 son ancien r\u00e9seau de ministre<\/a><\/p>\n","protected":false},"excerpt":{"rendered":"Le Parti conservateur britannique se r\u00e9unit \u00e0 partir de ce dimanche 5 octobre \u00e0 Manchester pour son congr\u00e8s&hellip;\n","protected":false},"author":2,"featured_media":440377,"comment_status":"","ping_status":"","sticky":false,"template":"","format":"standard","meta":{"footnotes":""},"categories":[1588],"tags":[11,1777,674,25095,203,3491,12,56732,473,1853,56733,1851,1850,1852],"class_list":{"0":"post-440376","1":"post","2":"type-post","3":"status-publish","4":"format-standard","5":"has-post-thumbnail","7":"category-royaume-uni","8":"tag-actualites","9":"tag-eu","10":"tag-europe","11":"tag-kemi-badenoch","12":"tag-la-tete","13":"tag-manchester","14":"tag-news","15":"tag-parti-conservateur","16":"tag-royaume-uni","17":"tag-royaume-uni-de-grande-bretagne-et-dirlande-du-nord","18":"tag-succes-electoraux","19":"tag-uk","20":"tag-united-kingdom","21":"tag-united-kingdom-of-great-britain-and-northern-ireland"},"share_on_mastodon":{"url":"https:\/\/pubeurope.com\/@fr\/115320603498191000","error":""},"_links":{"self":[{"href":"https:\/\/www.europesays.com\/fr\/wp-json\/wp\/v2\/posts\/440376","targetHints":{"allow":["GET"]}}],"collection":[{"href":"https:\/\/www.europesays.com\/fr\/wp-json\/wp\/v2\/posts"}],"about":[{"href":"https:\/\/www.europesays.com\/fr\/wp-json\/wp\/v2\/types\/post"}],"author":[{"embeddable":true,"href":"https:\/\/www.europesays.com\/fr\/wp-json\/wp\/v2\/users\/2"}],"replies":[{"embeddable":true,"href":"https:\/\/www.europesays.com\/fr\/wp-json\/wp\/v2\/comments?post=440376"}],"version-history":[{"count":0,"href":"https:\/\/www.europesays.com\/fr\/wp-json\/wp\/v2\/posts\/440376\/revisions"}],"wp:featuredmedia":[{"embeddable":true,"href":"https:\/\/www.europesays.com\/fr\/wp-json\/wp\/v2\/media\/440377"}],"wp:attachment":[{"href":"https:\/\/www.europesays.com\/fr\/wp-json\/wp\/v2\/media?parent=440376"}],"wp:term":[{"taxonomy":"category","embeddable":true,"href":"https:\/\/www.europesays.com\/fr\/wp-json\/wp\/v2\/categories?post=440376"},{"taxonomy":"post_tag","embeddable":true,"href":"https:\/\/www.europesays.com\/fr\/wp-json\/wp\/v2\/tags?post=440376"}],"curies":[{"name":"wp","href":"https:\/\/api.w.org\/{rel}","templated":true}]}}