{"id":440392,"date":"2025-10-05T08:36:16","date_gmt":"2025-10-05T08:36:16","guid":{"rendered":"https:\/\/www.europesays.com\/fr\/440392\/"},"modified":"2025-10-05T08:36:16","modified_gmt":"2025-10-05T08:36:16","slug":"gp-von-indonesien-fermin-aldeguer-holt-seinen-ersten-sieg-marc-marquez-ist-verletzt","status":"publish","type":"post","link":"https:\/\/www.europesays.com\/fr\/440392\/","title":{"rendered":"GP von Indonesien: Fermin Aldeguer holt seinen ersten Sieg, Marc M\u00e1rquez ist verletzt"},"content":{"rendered":"<p class=\"gt-block\">Fermin Aldeguer ist nun Grand-Prix-Sieger. In Indonesien wurde der Gresini-Neuling mit nur 20 Jahren und 183 Tagen der zweitj\u00fcngste Fahrer, der ein Rennen gewann. <a href=\"https:\/\/www.autohebdo.de\/Nachrichten\/MotoGP\" data-internallinksmanager029f6b8e52c=\"4\" title=\"MotoGP\" rel=\"nofollow noopener\" target=\"_blank\">MotoGP<\/a>Nach einem soliden Start nutzte er die Ereignisse des Rennens, um in den Windschatten von Pedro Acosta zu gelangen, den er nach wenigen Runden \u00fcberholte. Anschlie\u00dfend legte er das Tempo seiner Rivalen fest und nutzte den Kampf um den zweiten Platz, um sich einen enormen Vorsprung zu erarbeiten. Nach 27 Runden \u00fcberquerte er als Erster die Zielflagge mit einem Vorsprung von 8 Sekunden auf seinen n\u00e4chsten Verfolger.<\/p>\n<\/p>\n<p>Dahinter war der Kampf deutlich unentschiedener. Luca Marini und Pedro Acosta belebten den gesamten ersten Teil des Rennens mit einem grandiosen Zweikampf. Ein Duell, aus dem Pedro Acosta zehn Runden vor Schluss als Sieger hervorging, als sein Gegner weit abkam und in einem sehr kompakten Pulk auf den achten Platz zur\u00fcckfiel. \u00c1lex Rins nutzte dies aus und sicherte sich den vorl\u00e4ufigen 3. Platz, gefolgt von Alex Marquez und Raul Fernandez.<\/p>\n<p>Schlie\u00dflich brach der Spanier in der Kurve ein, und Alex M\u00e1rquez fuhr auf das Podium. Er erreichte das Ziel als Dritter, musste aber angesichts des starken Widerstands von Pedro Acosta aufgeben. Brad Binder wurde Vierter \u2013 sein bestes Saisonergebnis. Hinter ihm belegte Luca Marini schlie\u00dflich den f\u00fcnften Platz. Weniger glorreich waren die Ergebnisse f\u00fcr die anderen Hondas. Joan Mir st\u00fcrzte fr\u00fch im Rennen, w\u00e4hrend Somkiat Chantra komplett hinter seinen Teamkollegen Johann Zarco zur\u00fcckfiel, der dennoch nur den zw\u00f6lften Platz belegte.<\/p>\n<p>Marco Bezzecchi, der am Vortag trotz chaotischem Start den Sprint gewonnen hatte, verpasste erneut seinen Start im Hauptrennen. Schlimmer noch: Beim Versuch, wieder ins Feld zu kommen, streifte er nach einigen Kurven das Motorrad von Marc Marquez, und die beiden Fahrer st\u00fcrzten. W\u00e4hrend der Italiener schnell wieder auf den Beinen war, stellte der Spanier schnell fest, dass er sich den rechten Arm verletzt hatte \u2013 denselben Arm, der ihn zu Beginn des Jahrzehnts rund drei\u00dfig Rennen lang von der Strecke ferngehalten hatte. Am Ende des Rennens stellte sich heraus, dass er sich einen kleinen Bruch der rechten Schulter zugezogen hatte. Er wird am Abend zur weiteren Untersuchung nach Madrid zur\u00fcckkehren.<\/p>\n<p class=\"gt-block\">Hinter Raul Fernandez, 6., <a href=\"https:\/\/www.autohebdo.de\/Nachrichten\/Etikett\/Fabio-Quartararo\" data-internallinksmanager029f6b8e52c=\"15\" title=\"fabio quartaro\" rel=\"nofollow noopener\" target=\"_blank\">fabio quartaro<\/a> beendete den Gro\u00dfen Preis von Indonesien als beste Yamaha, w\u00e4hrend sein Teamkollege \u00c1lex Rins gegen Ende des Rennens auf den 10. Platz zur\u00fcckfiel.<\/p>\n<p class=\"gt-block\"><strong>LESEN SIE AUCH &gt;\u00a0<a href=\"https:\/\/www.autohebdo.de\/Nachrichten\/MotoGP\/Verfolgen-Sie-den-MotoGP-von-Indonesien-live-im-Livetext.html\" rel=\"nofollow noopener\" target=\"_blank\">Erleben Sie den MotoGP Indonesien GP noch einmal im Livetext<\/a><\/strong><\/p>\n<p>MotoGP \u2013 GP von Indonesien\u00a0<br \/>\nDie Klassifizierung des Rennens:<\/p>\n<p><a href=\"https:\/\/www.europesays.com\/fr\/wp-content\/uploads\/2025\/10\/Capture-decran-2025-10-05-a-09.44.20.png\" data-lbwps-width=\"1180\" data-lbwps-height=\"1336\" data-lbwps-srcsmall=\"https:\/\/www.autohebdo.fr\/app\/uploads\/2025\/10\/Capture-decran-2025-10-05-a-09.44.20-265x300.png\"><img fetchpriority=\"high\" decoding=\"async\" class=\"aligncenter wp-image-636696\" src=\"https:\/\/www.europesays.com\/fr\/wp-content\/uploads\/2025\/10\/Capture-decran-2025-10-05-a-09.44.20.png\" alt=\"\" width=\"665\" height=\"753\"  \/><\/a><\/p>\n<p class=\"gt-block\"><strong>Bewertung: <a href=\"https:\/\/mototiming.live\" rel=\"nofollow noopener\" target=\"_blank\">MotoTiming\u00a0<\/a><\/strong><\/p>\n","protected":false},"excerpt":{"rendered":"Fermin Aldeguer ist nun Grand-Prix-Sieger. In Indonesien wurde der Gresini-Neuling mit nur 20 Jahren und 183 Tagen der&hellip;\n","protected":false},"author":2,"featured_media":440393,"comment_status":"","ping_status":"","sticky":false,"template":"","format":"standard","meta":{"footnotes":""},"categories":[1413],"tags":[1011,27,1457,1456,60],"class_list":{"0":"post-440392","1":"post","2":"type-post","3":"status-publish","4":"format-standard","5":"has-post-thumbnail","7":"category-moto","8":"tag-fr","9":"tag-france","10":"tag-moto","11":"tag-motocycle","12":"tag-sports"},"share_on_mastodon":{"url":"https:\/\/pubeurope.com\/@fr\/115320651188753252","error":""},"_links":{"self":[{"href":"https:\/\/www.europesays.com\/fr\/wp-json\/wp\/v2\/posts\/440392","targetHints":{"allow":["GET"]}}],"collection":[{"href":"https:\/\/www.europesays.com\/fr\/wp-json\/wp\/v2\/posts"}],"about":[{"href":"https:\/\/www.europesays.com\/fr\/wp-json\/wp\/v2\/types\/post"}],"author":[{"embeddable":true,"href":"https:\/\/www.europesays.com\/fr\/wp-json\/wp\/v2\/users\/2"}],"replies":[{"embeddable":true,"href":"https:\/\/www.europesays.com\/fr\/wp-json\/wp\/v2\/comments?post=440392"}],"version-history":[{"count":0,"href":"https:\/\/www.europesays.com\/fr\/wp-json\/wp\/v2\/posts\/440392\/revisions"}],"wp:featuredmedia":[{"embeddable":true,"href":"https:\/\/www.europesays.com\/fr\/wp-json\/wp\/v2\/media\/440393"}],"wp:attachment":[{"href":"https:\/\/www.europesays.com\/fr\/wp-json\/wp\/v2\/media?parent=440392"}],"wp:term":[{"taxonomy":"category","embeddable":true,"href":"https:\/\/www.europesays.com\/fr\/wp-json\/wp\/v2\/categories?post=440392"},{"taxonomy":"post_tag","embeddable":true,"href":"https:\/\/www.europesays.com\/fr\/wp-json\/wp\/v2\/tags?post=440392"}],"curies":[{"name":"wp","href":"https:\/\/api.w.org\/{rel}","templated":true}]}}