{"id":440394,"date":"2025-10-05T08:37:11","date_gmt":"2025-10-05T08:37:11","guid":{"rendered":"https:\/\/www.europesays.com\/fr\/440394\/"},"modified":"2025-10-05T08:37:11","modified_gmt":"2025-10-05T08:37:11","slug":"grandiose-felix-lebrun-qualifie-pour-la-finale-du-grand-smash-de-pekin-une-premiere-pour-un-francais","status":"publish","type":"post","link":"https:\/\/www.europesays.com\/fr\/440394\/","title":{"rendered":"grandiose F\u00e9lix Lebrun qualifi\u00e9 pour la finale du Grand smash de P\u00e9kin, une premi\u00e8re pour un Fran\u00e7ais"},"content":{"rendered":"<p>Le Fran\u00e7ais a domin\u00e9 le n\u00b02 mondial pour s\u2019inviter en finale de l\u2019un des tournois les plus prestigieux de la saison.<\/p>\n<p class=\"fig-paragraph\">Le Fran\u00e7ais F\u00e9lix Lebrun, 7e mondial, s&rsquo;est qualifi\u00e9 pour la finale du Grand smash de P\u00e9kin, une premi\u00e8re, gr\u00e2ce \u00e0 sa victoire dimanche face au 2e mondial chinois Lin Shidong en six sets (11-6, 11-6, 11-9, 6-11, 7-11, 11-5).<\/p>\n<p class=\"fig-paragraph\">C&rsquo;est la premi\u00e8re fois qu&rsquo;un Fran\u00e7ais se qualifie pour le finale d&rsquo;un Grand smash, l&rsquo;\u00e9quivalent du tournoi du Grand chelem en tennis. La finale est programm\u00e9e \u00e0 midi heure fran\u00e7aise ce dimanche.<\/p>\n<p>                                    <a class=\"fig-a11y-skip a11y-hidden\" href=\"#fig-a11y-skip-main-inarticle\"><br \/>\n        Passer la publicit\u00e9<br \/>\n    <\/a><\/p>\n<p class=\"fig-paragraph\">Il n&rsquo;avait plus affront\u00e9 Lin Shidong depuis pr\u00e8s d&rsquo;un an, en demi-finale du WTT Champions de Montpellier. \u00c0 l\u2019\u00e9poque il l&rsquo;avait ais\u00e9ment battu 4 sets \u00e0 0 avant de gagner en finale pour devenir le premier Fran\u00e7ais \u00e0 remporter un Champions, sorte de Masters 1000 en tennis.<\/p>\n<p class=\"fig-paragraph\">F\u00e9lix Lebrun\u00a0<a href=\"http:\/\/www.lefigaro.fr\/sports\/jeux-olympiques\/on-va-essayer-d-en-faire-une-legende-en-bronze-felix-lebrun-peut-voir-grand-20240809\" data-fig-type=\"Article\" data-gtm-custom-categorie=\"navigation\" data-gtm-custom-action=\"crossclick\" data-gtm-custom-label=\"Contextuel\" data-gtm-event=\"customEventSPE\" data-fig-domain=\"LEFIGARO\" target=\"_blank\" rel=\"noopener\">qui avait d\u00e9croch\u00e9 la m\u00e9daille de bronze aux JO de Paris<\/a>, peut enrichir son palmar\u00e8s d&rsquo;une nouvelle tr\u00e8s belle ligne. L&rsquo;autre demi-finale dans le Grand smash de P\u00e9kin oppose deux Chinois, Wang Chuqin le N.1 mondial et Xiang Peng , N.9 mondial.<\/p>\n","protected":false},"excerpt":{"rendered":"Le Fran\u00e7ais a domin\u00e9 le n\u00b02 mondial pour s\u2019inviter en finale de l\u2019un des tournois les plus prestigieux&hellip;\n","protected":false},"author":2,"featured_media":440395,"comment_status":"","ping_status":"","sticky":false,"template":"","format":"standard","meta":{"footnotes":""},"categories":[1412],"tags":[1451,55926,1452,1453,1454,1455,1011,27,60],"class_list":{"0":"post-440394","1":"post","2":"type-post","3":"status-publish","4":"format-standard","5":"has-post-thumbnail","7":"category-f1","8":"tag-f1","9":"tag-felix-lebrun","10":"tag-formula-1","11":"tag-formula1","12":"tag-formule-1","13":"tag-formule1","14":"tag-fr","15":"tag-france","16":"tag-sports"},"share_on_mastodon":{"url":"https:\/\/pubeurope.com\/@fr\/115320654635837258","error":""},"_links":{"self":[{"href":"https:\/\/www.europesays.com\/fr\/wp-json\/wp\/v2\/posts\/440394","targetHints":{"allow":["GET"]}}],"collection":[{"href":"https:\/\/www.europesays.com\/fr\/wp-json\/wp\/v2\/posts"}],"about":[{"href":"https:\/\/www.europesays.com\/fr\/wp-json\/wp\/v2\/types\/post"}],"author":[{"embeddable":true,"href":"https:\/\/www.europesays.com\/fr\/wp-json\/wp\/v2\/users\/2"}],"replies":[{"embeddable":true,"href":"https:\/\/www.europesays.com\/fr\/wp-json\/wp\/v2\/comments?post=440394"}],"version-history":[{"count":0,"href":"https:\/\/www.europesays.com\/fr\/wp-json\/wp\/v2\/posts\/440394\/revisions"}],"wp:featuredmedia":[{"embeddable":true,"href":"https:\/\/www.europesays.com\/fr\/wp-json\/wp\/v2\/media\/440395"}],"wp:attachment":[{"href":"https:\/\/www.europesays.com\/fr\/wp-json\/wp\/v2\/media?parent=440394"}],"wp:term":[{"taxonomy":"category","embeddable":true,"href":"https:\/\/www.europesays.com\/fr\/wp-json\/wp\/v2\/categories?post=440394"},{"taxonomy":"post_tag","embeddable":true,"href":"https:\/\/www.europesays.com\/fr\/wp-json\/wp\/v2\/tags?post=440394"}],"curies":[{"name":"wp","href":"https:\/\/api.w.org\/{rel}","templated":true}]}}