{"id":440398,"date":"2025-10-05T08:39:19","date_gmt":"2025-10-05T08:39:19","guid":{"rendered":"https:\/\/www.europesays.com\/fr\/440398\/"},"modified":"2025-10-05T08:39:19","modified_gmt":"2025-10-05T08:39:19","slug":"chelsea-benfica-les-compositions-officielles","status":"publish","type":"post","link":"https:\/\/www.europesays.com\/fr\/440398\/","title":{"rendered":"Chelsea-Benfica : les compositions officielles"},"content":{"rendered":"<p>Match sous tension \u00e0 Londres. Pour le compte de la deuxi\u00e8me journ\u00e9e de la Ligue des champions, <a href=\"https:\/\/www.footmercato.net\/club\/chelsea\/\" rel=\"nofollow noopener\" target=\"_blank\">Chelsea<\/a> accueille <a href=\"https:\/\/www.footmercato.net\/club\/sl-benfica\/\" rel=\"nofollow noopener\" target=\"_blank\">Benfica<\/a> \u00e0 Stamford Bridge (coup d\u2019envoi 21h00, <a href=\"https:\/\/www.footmercato.net\/live\/8641874102303846100-chelsea-vs-benfica\" rel=\"nofollow noopener\" target=\"_blank\">un match \u00e0 suivre sur FM<\/a>). Les deux \u00e9quipes ont mal d\u00e9but\u00e9 leur campagne avec une d\u00e9faite \u00e0 Munich contre le Bayern (1-3) pour les Anglais et un revers \u00e0 domicile face aux Azerbaidjanais de Qarabag (2-3) pour les Portugais. Ce sera aussi un match particulier pour Jos\u00e9 Mourinho, nouvel entra\u00eeneur des Lisbo\u00e8tes, qui retrouve Chelsea apr\u00e8s deux passages sur le banc des Blues entre 2004 et 2007 puis 2013 et 2015.<\/p>\n<p>            La suite apr\u00e8s cette publicit\u00e9<\/p>\n<p>Pour cette rencontre, Enzo Maresca doit composer avec de nombreux bless\u00e9s (Aderabioyo, Colwill, Delap, Essugo, Fofana, Palmer..) et il surprend. Deux Fran\u00e7ais sont titulaires en d\u00e9fense avec Badiashile et Gusto. Ils sont accompagn\u00e9s de Cucurella et Chalobah. Au milieu, Fernandez et Caicedo sont align\u00e9s tandis que devant George d\u00e9bute avec Neto, Buonanotte et Garnacho en soutien. En face, Jos\u00e9 Mourinho a aussi son lot d\u2019absents (Bruma, Bah ou encore Manu) et opte pour un 4-2-3-1 avec la charni\u00e8re Silva-Otamendi. Au milieu, Rios va \u00e9pauler Barrenechea alors que devant Lukebakio, Aursnes et Sudakov seront en soutien de Pavlidis.<\/p>\n<p>        Les compositions officielles :<\/p>\n<p><strong>Chelsea :<\/strong> Sanchez &#8211; Gusto, Chalobah, Badiashile, Cucurella &#8211; Caicedo, Fernandez &#8211; Neto, Buonanotte, Garnacho &#8211; George.<\/p>\n<p>            La suite apr\u00e8s cette publicit\u00e9<\/p>\n<p><strong>Benfica :<\/strong> Trubin &#8211; Dedic, Silva, Otamendi, Dahl &#8211; Barrenechea, Rios &#8211; Lukebakio, Sudakov, Aursnes &#8211; Pavlidis.<\/p>\n<p>\n    Pub. le 30\/09\/2025 19:54<br \/>\n            &#8211; MAJ le 01\/10\/2025 07:44\n    <\/p>\n","protected":false},"excerpt":{"rendered":"Match sous tension \u00e0 Londres. Pour le compte de la deuxi\u00e8me journ\u00e9e de la Ligue des champions, Chelsea&hellip;\n","protected":false},"author":2,"featured_media":440399,"comment_status":"","ping_status":"","sticky":false,"template":"","format":"standard","meta":{"footnotes":""},"categories":[1410],"tags":[63,1011,27,60],"class_list":{"0":"post-440398","1":"post","2":"type-post","3":"status-publish","4":"format-standard","5":"has-post-thumbnail","7":"category-football","8":"tag-football","9":"tag-fr","10":"tag-france","11":"tag-sports"},"share_on_mastodon":{"url":"https:\/\/pubeurope.com\/@fr\/115320662747523192","error":""},"_links":{"self":[{"href":"https:\/\/www.europesays.com\/fr\/wp-json\/wp\/v2\/posts\/440398","targetHints":{"allow":["GET"]}}],"collection":[{"href":"https:\/\/www.europesays.com\/fr\/wp-json\/wp\/v2\/posts"}],"about":[{"href":"https:\/\/www.europesays.com\/fr\/wp-json\/wp\/v2\/types\/post"}],"author":[{"embeddable":true,"href":"https:\/\/www.europesays.com\/fr\/wp-json\/wp\/v2\/users\/2"}],"replies":[{"embeddable":true,"href":"https:\/\/www.europesays.com\/fr\/wp-json\/wp\/v2\/comments?post=440398"}],"version-history":[{"count":0,"href":"https:\/\/www.europesays.com\/fr\/wp-json\/wp\/v2\/posts\/440398\/revisions"}],"wp:featuredmedia":[{"embeddable":true,"href":"https:\/\/www.europesays.com\/fr\/wp-json\/wp\/v2\/media\/440399"}],"wp:attachment":[{"href":"https:\/\/www.europesays.com\/fr\/wp-json\/wp\/v2\/media?parent=440398"}],"wp:term":[{"taxonomy":"category","embeddable":true,"href":"https:\/\/www.europesays.com\/fr\/wp-json\/wp\/v2\/categories?post=440398"},{"taxonomy":"post_tag","embeddable":true,"href":"https:\/\/www.europesays.com\/fr\/wp-json\/wp\/v2\/tags?post=440398"}],"curies":[{"name":"wp","href":"https:\/\/api.w.org\/{rel}","templated":true}]}}