{"id":440411,"date":"2025-10-05T08:49:17","date_gmt":"2025-10-05T08:49:17","guid":{"rendered":"https:\/\/www.europesays.com\/fr\/440411\/"},"modified":"2025-10-05T08:49:17","modified_gmt":"2025-10-05T08:49:17","slug":"bon-plan-les-ecouteurs-sans-fil-samsung-galaxy-buds2-pro-avec-chargeur-a-induction-5-etoiles-a-12999-e-42-les-numeriques","status":"publish","type":"post","link":"https:\/\/www.europesays.com\/fr\/440411\/","title":{"rendered":"Bon plan \u2013 Les \u00e9couteurs sans fil Samsung Galaxy Buds2 Pro Avec Chargeur \u00e0 Induction &quot;5 \u00e9toiles&quot; \u00e0 129,99 \u20ac (-42%) &#8211; Les Num\u00e9riques"},"content":{"rendered":"<ol>\n<li><a href=\"https:\/\/news.google.com\/rss\/articles\/CBMi-gFBVV95cUxQSWxTTWVwY2tFUlNTbEQ2ZmpycjViQXVkVWZ5c2F3c0h4eEZ5NVJuZDlubGJRUXoxMnpGOG9YMTFWVnc3aVVzRUZIMk04a01RWU5zeW8zUERKTXFGMXR5WFNYY3kteEFFdkdpWHM4ZDJUb1EtTDBlZnFZRG1UbThRVTVxLUl2RnRHUWNNbWJ4bnFLR1R5cWxLdE10cFVFVFNLT0g4cUpwb2g3dk45YTdJUzRRN185T01RZmxqbmJZUnR5T1JWZldBbW00RGY1ZXhTUnRtVW5CNnIxVG1NczBpMnJ4b1R5dmxBd1BoZnlSa1ZieFZhYlBibU5B?oc=5\" target=\"_blank\" rel=\"nofollow noopener\">Bon plan \u2013 Les \u00e9couteurs sans fil Samsung Galaxy Buds2 Pro Avec Chargeur \u00e0 Induction \u00ab\u00a05 \u00e9toiles\u00a0\u00bb \u00e0 129,99 \u20ac (-42%)<\/a>&nbsp;&nbsp;Les Num\u00e9riques<\/li>\n<li><a href=\"https:\/\/news.google.com\/rss\/articles\/CBMiygFBVV95cUxQT3hNZjN2SURlWVdVbnY3OGZ3U1FwN2RFbzZpd0hGT2REUWNDWFRpMm12Z0dZcl9KZDNLaU1na2gxWjR4WmU5aTlaUFpVS0pIZmdwVkpXeFNsZlJvQlJaSDFoZk52ZnhEbTRqdktfM1BoLWQ4ZXduR0lhSzF3UDR5SThwZzN0djM2SU9EZUc4emdyNWRUQk4tV05MZDVsZDNMQlRSb0NqQWNoSTNDOXBxeEVXM0ZuR1lYc3JrTTJTRTNHSTBsNWJOdHRB?oc=5\" target=\"_blank\" rel=\"nofollow noopener\">Les \u00e9couteurs Samsung Galaxy Buds 3 voient leur prix divis\u00e9 par 2 sur Auchan<\/a>&nbsp;&nbsp;Le Figaro<\/li>\n<li><a href=\"https:\/\/news.google.com\/rss\/articles\/CBMivgFBVV95cUxQeW9QYXR5akJwZ3hsa1UyZXk0QmlRSVVkU0JlR2IxU1p2QURLM0p2Qkhhd2dEYVdfMWJYWXZVVFJodG1iMFpkdjF5UkdMVDBIc2pIRV8zd25JaVppWDdVbWVHaHFTNm1rcVg0YklraF9RSjJuY002ZzE2dThCVExOQk5KR293ZENDemRvSFZkQUR0NXBPZDZxYUpCTHZxNmh2bEpRNVJFTkJXTTQzSWpiNk9vdDRxMld2dThrNC1B?oc=5\" target=\"_blank\" rel=\"nofollow noopener\">Samsung affiche une offre qui se refuse pas sur les Galaxy Buds 3 Pro<\/a>&nbsp;&nbsp;20 Minutes<\/li>\n<li><a href=\"https:\/\/news.google.com\/rss\/articles\/CBMiqgFBVV95cUxNd3N0T2ROWW11Y2ZkakFFeGJoYUkzUHpfTE5WQXN6X1F0U25qamVZQUhOSXhnR09fS2F3eDJDaWpUUWFPWF9oWVVmc0x5ZjNzNlpabVI2VFBlQjRNVE13dmQ5VTRJSFhvUEJobTRiSGlUdWs0a2JkczY1VlhQRW5oNzNqTFh5TF92SDJkMHRLV3gxZ0tnM2ZYcDNHX3Y5TUFXUzZNME82amVOdw?oc=5\" target=\"_blank\" rel=\"nofollow noopener\">Samsung Galaxy Buds 3 Pro : Boulanger casse le prix des \u00e9couteurs gr\u00e2ce \u00e0 ce cumul de r\u00e9ductions<\/a>&nbsp;&nbsp;PhonAndroid<\/li>\n<li><a href=\"https:\/\/news.google.com\/rss\/articles\/CBMihgJBVV95cUxNX28xdlM3TVZzM1NrQjRfWGZMRndkWVB4VnNUdEdpTUp4SkF0Y1QzczIxYm9LQ1lneGxWOGljNWNxbnh3WmQyS3JiMTM3c0NMSjJuYzA1V3N1M0Nlb3RLOFo3TmZ4YXp5SVRtNFFKeklMbEV4a0huN0RwbEg3UjNwSlc1WGVvckVWMHJzb0J0bmRCZXk0dE94R0RkejJlMnNhYjlGZ1dKcFotNURoUHlfSVEzdjl2Rk9lLThQc1lhemVVcFZrMEtWeDlrTklhMkdSb0hYVG8xcjJIV19GSDJkak9fRUhGY2R4d3JqdkFuSnZZaHZlTTdNNEVmbDl1ZzVURzluS213?oc=5\" target=\"_blank\" rel=\"nofollow noopener\">French Days casques et \u00e9couteurs : Encore quelques heures pour avoir le dernier casque Sony ou les Samsung Galaxy Buds 3 FE en promo<\/a>&nbsp;&nbsp;Frandroid<\/li>\n<\/ol>\n","protected":false},"excerpt":{"rendered":"Bon plan \u2013 Les \u00e9couteurs sans fil Samsung Galaxy Buds2 Pro Avec Chargeur \u00e0 Induction \u00ab\u00a05 \u00e9toiles\u00a0\u00bb \u00e0&hellip;\n","protected":false},"author":2,"featured_media":395849,"comment_status":"","ping_status":"","sticky":false,"template":"","format":"standard","meta":{"footnotes":""},"categories":[7],"tags":[1011,27,43,40,41,39,42,44],"class_list":{"0":"post-440411","1":"post","2":"type-post","3":"status-publish","4":"format-standard","5":"has-post-thumbnail","7":"category-sciences-et-technologies","8":"tag-fr","9":"tag-france","10":"tag-science","11":"tag-science-and-technology","12":"tag-sciences","13":"tag-sciences-et-technologies","14":"tag-technologies","15":"tag-technology"},"share_on_mastodon":{"url":"https:\/\/pubeurope.com\/@fr\/115320701740360072","error":""},"_links":{"self":[{"href":"https:\/\/www.europesays.com\/fr\/wp-json\/wp\/v2\/posts\/440411","targetHints":{"allow":["GET"]}}],"collection":[{"href":"https:\/\/www.europesays.com\/fr\/wp-json\/wp\/v2\/posts"}],"about":[{"href":"https:\/\/www.europesays.com\/fr\/wp-json\/wp\/v2\/types\/post"}],"author":[{"embeddable":true,"href":"https:\/\/www.europesays.com\/fr\/wp-json\/wp\/v2\/users\/2"}],"replies":[{"embeddable":true,"href":"https:\/\/www.europesays.com\/fr\/wp-json\/wp\/v2\/comments?post=440411"}],"version-history":[{"count":0,"href":"https:\/\/www.europesays.com\/fr\/wp-json\/wp\/v2\/posts\/440411\/revisions"}],"wp:featuredmedia":[{"embeddable":true,"href":"https:\/\/www.europesays.com\/fr\/wp-json\/wp\/v2\/media\/395849"}],"wp:attachment":[{"href":"https:\/\/www.europesays.com\/fr\/wp-json\/wp\/v2\/media?parent=440411"}],"wp:term":[{"taxonomy":"category","embeddable":true,"href":"https:\/\/www.europesays.com\/fr\/wp-json\/wp\/v2\/categories?post=440411"},{"taxonomy":"post_tag","embeddable":true,"href":"https:\/\/www.europesays.com\/fr\/wp-json\/wp\/v2\/tags?post=440411"}],"curies":[{"name":"wp","href":"https:\/\/api.w.org\/{rel}","templated":true}]}}