{"id":440416,"date":"2025-10-05T08:52:12","date_gmt":"2025-10-05T08:52:12","guid":{"rendered":"https:\/\/www.europesays.com\/fr\/440416\/"},"modified":"2025-10-05T08:52:12","modified_gmt":"2025-10-05T08:52:12","slug":"offendorf-deux-femmes-de-19-et-21-ans-tuees-et-deux-autres-jeunes-blesses-dans-un-choc-frontal-entre-deux-voitures","status":"publish","type":"post","link":"https:\/\/www.europesays.com\/fr\/440416\/","title":{"rendered":"Offendorf. Deux femmes de 19 et 21 ans tu\u00e9es et deux autres jeunes bless\u00e9s dans un choc frontal entre deux voitures"},"content":{"rendered":"<p>Deux personnes ont perdu la vie et deux autres ont \u00e9t\u00e9 gri\u00e8vement bless\u00e9es ce dimanche 5 octobre 2025, vers 7 h 30, dans un accident de la route impliquant deux v\u00e9hicules sur la RD 502, dans le secteur d\u2019Offendorf.<\/p>\n<p>Selon les secours, il s\u2019agit d\u2019un choc frontal entre deux voitures. Les deux passag\u00e8res d&rsquo;un des v\u00e9hicules,\u00a0\u00e2g\u00e9es de 19 et 21 ans, en arr\u00eat cardio-respiratoire, ont \u00e9t\u00e9 d\u00e9clar\u00e9es d\u00e9c\u00e9d\u00e9es par le m\u00e9decin sur place.<\/p>\n<p>La conductrice du premier v\u00e9hicule, \u00e2g\u00e9e de 19 ans, a \u00e9t\u00e9 m\u00e9dicalis\u00e9e et transport\u00e9e en urgence absolue. Le conducteur du second v\u00e9hicule, \u00e2g\u00e9 de 18 ans, a lui aussi \u00e9t\u00e9 \u00e9vacu\u00e9 en urgence absolue vers le CHU de Strasbourg-Hautepierre. C\u2019est dans ce v\u00e9hicule que se trouvaient les deux passag\u00e8res.<\/p>\n<p>Ce contenu est bloqu\u00e9 car vous n&rsquo;avez pas accept\u00e9 les cookies et autres traceurs.<\/p>\n<p>En cliquant sur \u00ab J\u2019accepte \u00bb, les cookies et autres traceurs seront d\u00e9pos\u00e9s et vous pourrez visualiser les contenus  (<a href=\"\" class=\"consentModule_policy\" target=\"_blank\" title=\"Consulter la politique de protection des donn\u00e9es du fournisseur\">plus d&rsquo;informations<\/a>).<\/p>\n<p>En cliquant sur \u00ab J\u2019accepte tous les cookies \u00bb, vous autorisez des d\u00e9p\u00f4ts de cookies et autres traceurs pour le stockage de vos donn\u00e9es sur nos sites et applications \u00e0 des fins de personnalisation et de ciblage publicitaire.<\/p>\n<p class=\"consentModule_secondaryText\">Vous gardez la possibilit\u00e9 de retirer votre consentement \u00e0 tout moment en consultant notre <a href=\"https:\/\/www.dna.fr\/protection-des-donnees\" target=\"_blank\" title=\"Consulter notre politique de protection des donn\u00e9es\" rel=\"noopener\">politique de protection des donn\u00e9es<\/a>. <br \/>&#13;<br \/>\n            <a href=\"https:\/\/www.dna.fr\/faits-divers-justice\/2025\/10\/05\/javascript:Didomi.notice.show()\" class=\"consentModule_cmp\" target=\"_blank\" rel=\"noopener\">G\u00e9rer mes choix<\/a>&#13;\n        <\/p>\n<p>&#13;<br \/>\n                        J&rsquo;accepte&#13;<br \/>\n            J&rsquo;accepte tous les cookies&#13;\n        <\/p>\n<p>La route a \u00e9t\u00e9 coup\u00e9e \u00e0 la circulation entre l\u2019\u00e9changeur n\u00b052 de l\u2019A35 et l\u2019\u00e9changeur D502\/D468, tout comme les deux bretelles d\u2019acc\u00e8s \u00e0 l\u2019autoroute.<\/p>\n<p>Des pompiers de Bischwiller, Gambsheim, Herrlisheim, Haguenau et Strasbourg \u00e9tient sur place.<\/p>\n","protected":false},"excerpt":{"rendered":"Deux personnes ont perdu la vie et deux autres ont \u00e9t\u00e9 gri\u00e8vement bless\u00e9es ce dimanche 5 octobre 2025,&hellip;\n","protected":false},"author":2,"featured_media":440417,"comment_status":"","ping_status":"","sticky":false,"template":"","format":"standard","meta":{"footnotes":""},"categories":[4],"tags":[119,11,4877,274,107,1011,27,12,56734,25],"class_list":{"0":"post-440416","1":"post","2":"type-post","3":"status-publish","4":"format-standard","5":"has-post-thumbnail","7":"category-france","8":"tag-accident","9":"tag-actualites","10":"tag-edition-haguenau-wissembourg","11":"tag-faits-divers-justice","12":"tag-fil-info","13":"tag-fr","14":"tag-france","15":"tag-news","16":"tag-offendorf","17":"tag-republique-francaise"},"share_on_mastodon":{"url":"https:\/\/pubeurope.com\/@fr\/115320713676394454","error":""},"_links":{"self":[{"href":"https:\/\/www.europesays.com\/fr\/wp-json\/wp\/v2\/posts\/440416","targetHints":{"allow":["GET"]}}],"collection":[{"href":"https:\/\/www.europesays.com\/fr\/wp-json\/wp\/v2\/posts"}],"about":[{"href":"https:\/\/www.europesays.com\/fr\/wp-json\/wp\/v2\/types\/post"}],"author":[{"embeddable":true,"href":"https:\/\/www.europesays.com\/fr\/wp-json\/wp\/v2\/users\/2"}],"replies":[{"embeddable":true,"href":"https:\/\/www.europesays.com\/fr\/wp-json\/wp\/v2\/comments?post=440416"}],"version-history":[{"count":0,"href":"https:\/\/www.europesays.com\/fr\/wp-json\/wp\/v2\/posts\/440416\/revisions"}],"wp:featuredmedia":[{"embeddable":true,"href":"https:\/\/www.europesays.com\/fr\/wp-json\/wp\/v2\/media\/440417"}],"wp:attachment":[{"href":"https:\/\/www.europesays.com\/fr\/wp-json\/wp\/v2\/media?parent=440416"}],"wp:term":[{"taxonomy":"category","embeddable":true,"href":"https:\/\/www.europesays.com\/fr\/wp-json\/wp\/v2\/categories?post=440416"},{"taxonomy":"post_tag","embeddable":true,"href":"https:\/\/www.europesays.com\/fr\/wp-json\/wp\/v2\/tags?post=440416"}],"curies":[{"name":"wp","href":"https:\/\/api.w.org\/{rel}","templated":true}]}}