{"id":440419,"date":"2025-10-05T08:56:27","date_gmt":"2025-10-05T08:56:27","guid":{"rendered":"https:\/\/www.europesays.com\/fr\/440419\/"},"modified":"2025-10-05T08:56:27","modified_gmt":"2025-10-05T08:56:27","slug":"un-rebond-en-trompe-loeil-pour-lasse-a-montpellier","status":"publish","type":"post","link":"https:\/\/www.europesays.com\/fr\/440419\/","title":{"rendered":"un rebond en trompe-l\u2019\u0153il pour l&rsquo;ASSE \u00e0 Montpellier"},"content":{"rendered":"<p>Montpellier &#8211; ASSE<\/p>\n<p>0-2<\/p>\n<p>Qui de mieux que Davitashvili pour sauver une ASSE sur courant alternatif\u00a0? Expert dans le domaine, le G\u00e9orgien a \u00e9t\u00e9 le grand acteur du rebond st\u00e9phanois, samedi soir \u00e0 Montpellier (0-2). Une semaine apr\u00e8s le premier revers de la saison <a href=\"https:\/\/www.leprogres.fr\/sport\/2025\/09\/27\/l-asse-tombe-de-son-trone\" target=\"_blank\" rel=\"noopener\">contre Guingamp (2-3)<\/a>, les Verts \u00e9taient attendus au tournant dans l\u2019H\u00e9rault, aussi bien pour le r\u00e9sultat que le contenu, tant la derni\u00e8re prestation avait \u00e9t\u00e9 mauvaise. Ils ont rempli le premier objectif en remportant un sixi\u00e8me succ\u00e8s qui leur permet de reprendre place dans un fauteuil de leader un peu plus \u00e9troit, avec Pau et Troyes.<\/p>\n<p>Pour la mani\u00e8re en revanche, il faudra repasser. Bouscul\u00e9s comme rarement cette saison dans un match intense, les partenaires de Larsonneur ont termin\u00e9 par un clean-sheet presque miraculeux tant le danger a \u00e9t\u00e9 constant dans leur camp. Entre la patte&#8230;<\/p>\n","protected":false},"excerpt":{"rendered":"Montpellier &#8211; ASSE 0-2 Qui de mieux que Davitashvili pour sauver une ASSE sur courant alternatif\u00a0? Expert dans&hellip;\n","protected":false},"author":2,"featured_media":440420,"comment_status":"","ping_status":"","sticky":false,"template":"","format":"standard","meta":{"footnotes":""},"categories":[9653],"tags":[1111,11,4000,2430,7539,1777,674,107,63,1011,27,4002,3367,12,25,4001,7538,517],"class_list":{"0":"post-440419","1":"post","2":"type-post","3":"status-publish","4":"format-standard","5":"has-post-thumbnail","7":"category-saint-etienne","8":"tag-actu","9":"tag-actualites","10":"tag-asse-as-saint-etienne-football","11":"tag-auvergne-rhone-alpes","12":"tag-edition-loire-sud","13":"tag-eu","14":"tag-europe","15":"tag-fil-info","16":"tag-football","17":"tag-fr","18":"tag-france","19":"tag-haute-loire","20":"tag-loire","21":"tag-news","22":"tag-republique-francaise","23":"tag-saint-etienne","24":"tag-saint-etienne-ville","25":"tag-sport"},"share_on_mastodon":{"url":"https:\/\/pubeurope.com\/@fr\/115320729344802922","error":""},"_links":{"self":[{"href":"https:\/\/www.europesays.com\/fr\/wp-json\/wp\/v2\/posts\/440419","targetHints":{"allow":["GET"]}}],"collection":[{"href":"https:\/\/www.europesays.com\/fr\/wp-json\/wp\/v2\/posts"}],"about":[{"href":"https:\/\/www.europesays.com\/fr\/wp-json\/wp\/v2\/types\/post"}],"author":[{"embeddable":true,"href":"https:\/\/www.europesays.com\/fr\/wp-json\/wp\/v2\/users\/2"}],"replies":[{"embeddable":true,"href":"https:\/\/www.europesays.com\/fr\/wp-json\/wp\/v2\/comments?post=440419"}],"version-history":[{"count":0,"href":"https:\/\/www.europesays.com\/fr\/wp-json\/wp\/v2\/posts\/440419\/revisions"}],"wp:featuredmedia":[{"embeddable":true,"href":"https:\/\/www.europesays.com\/fr\/wp-json\/wp\/v2\/media\/440420"}],"wp:attachment":[{"href":"https:\/\/www.europesays.com\/fr\/wp-json\/wp\/v2\/media?parent=440419"}],"wp:term":[{"taxonomy":"category","embeddable":true,"href":"https:\/\/www.europesays.com\/fr\/wp-json\/wp\/v2\/categories?post=440419"},{"taxonomy":"post_tag","embeddable":true,"href":"https:\/\/www.europesays.com\/fr\/wp-json\/wp\/v2\/tags?post=440419"}],"curies":[{"name":"wp","href":"https:\/\/api.w.org\/{rel}","templated":true}]}}