{"id":440423,"date":"2025-10-05T09:01:14","date_gmt":"2025-10-05T09:01:14","guid":{"rendered":"https:\/\/www.europesays.com\/fr\/440423\/"},"modified":"2025-10-05T09:01:14","modified_gmt":"2025-10-05T09:01:14","slug":"rugby-scapulaire-baptiste-serin-vers-une-prolongation-a-toulon","status":"publish","type":"post","link":"https:\/\/www.europesays.com\/fr\/440423\/","title":{"rendered":"Rugby Scapulaire &#8211; Baptiste Serin vers une prolongation \u00e0 Toulon ?"},"content":{"rendered":"<p>\u00a0<\/p>\n<p>Selon les informations de <a href=\"https:\/\/www.lequipe.fr\/Rugby\/Actualites\/Baptiste-serin-bien-parti-pour-prolonger-avec-toulon\/1598987\" rel=\"nofollow noopener\" target=\"_blank\"><br \/>\nl\u2019Equipe<\/a>, notre ancien demi de m\u00eal\u00e9e, <strong>Baptiste<br \/>\nSerin<\/strong>, serait proche de signer un nouveau contrat avec<br \/>\nToulon. Le joueur de 31 ans, qui \u00e9tait libre \u00e0 l\u2019issue de la saison<br \/>\net qui faisait l\u2019objet d\u2019un int\u00e9r\u00eat de Montpellier, devrait<br \/>\nrencontrer son pr\u00e9sident ce lundi pour r\u00e9gler les derniers d\u00e9tails<br \/>\navant de signer un nouvel engagement pour les trois prochaines<br \/>\nsaisons. Cette saison, il a pris part \u00e0 quatre rencontre avec<br \/>\nToulon, dont 3 comme titulaire.<\/p>\n","protected":false},"excerpt":{"rendered":"\u00a0 Selon les informations de l\u2019Equipe, notre ancien demi de m\u00eal\u00e9e, Baptiste Serin, serait proche de signer un&hellip;\n","protected":false},"author":2,"featured_media":426044,"comment_status":"","ping_status":"","sticky":false,"template":"","format":"standard","meta":{"footnotes":""},"categories":[9619],"tags":[1111,11,1777,674,1011,27,12,882,25,2310],"class_list":{"0":"post-440423","1":"post","2":"type-post","3":"status-publish","4":"format-standard","5":"has-post-thumbnail","7":"category-toulon","8":"tag-actu","9":"tag-actualites","10":"tag-eu","11":"tag-europe","12":"tag-fr","13":"tag-france","14":"tag-news","15":"tag-provence-alpes-cote-dazur","16":"tag-republique-francaise","17":"tag-toulon"},"share_on_mastodon":{"url":"https:\/\/pubeurope.com\/@fr\/115320749044811612","error":""},"_links":{"self":[{"href":"https:\/\/www.europesays.com\/fr\/wp-json\/wp\/v2\/posts\/440423","targetHints":{"allow":["GET"]}}],"collection":[{"href":"https:\/\/www.europesays.com\/fr\/wp-json\/wp\/v2\/posts"}],"about":[{"href":"https:\/\/www.europesays.com\/fr\/wp-json\/wp\/v2\/types\/post"}],"author":[{"embeddable":true,"href":"https:\/\/www.europesays.com\/fr\/wp-json\/wp\/v2\/users\/2"}],"replies":[{"embeddable":true,"href":"https:\/\/www.europesays.com\/fr\/wp-json\/wp\/v2\/comments?post=440423"}],"version-history":[{"count":0,"href":"https:\/\/www.europesays.com\/fr\/wp-json\/wp\/v2\/posts\/440423\/revisions"}],"wp:featuredmedia":[{"embeddable":true,"href":"https:\/\/www.europesays.com\/fr\/wp-json\/wp\/v2\/media\/426044"}],"wp:attachment":[{"href":"https:\/\/www.europesays.com\/fr\/wp-json\/wp\/v2\/media?parent=440423"}],"wp:term":[{"taxonomy":"category","embeddable":true,"href":"https:\/\/www.europesays.com\/fr\/wp-json\/wp\/v2\/categories?post=440423"},{"taxonomy":"post_tag","embeddable":true,"href":"https:\/\/www.europesays.com\/fr\/wp-json\/wp\/v2\/tags?post=440423"}],"curies":[{"name":"wp","href":"https:\/\/api.w.org\/{rel}","templated":true}]}}