{"id":440430,"date":"2025-10-05T09:06:13","date_gmt":"2025-10-05T09:06:13","guid":{"rendered":"https:\/\/www.europesays.com\/fr\/440430\/"},"modified":"2025-10-05T09:06:13","modified_gmt":"2025-10-05T09:06:13","slug":"un-individu-condamne-a-2-ans-ferme","status":"publish","type":"post","link":"https:\/\/www.europesays.com\/fr\/440430\/","title":{"rendered":"un individu condamn\u00e9 \u00e0 2 ans ferme"},"content":{"rendered":"<p itemprop=\"description\"><strong>Pour avoir tir\u00e9 \u00e0 l&rsquo;aide d&rsquo;une arme \u00e0 feu depuis son balcon le 9 ao\u00fbt dernier \u00e0 Saint-Martin-le-Vinoux, un individu a \u00e9t\u00e9 jug\u00e9 et condamn\u00e9.<\/strong><\/p>\n<p>Le 9 ao\u00fbt \u00e0 l&rsquo;aube, peu avant 7h, les policiers avaient \u00e9t\u00e9 alert\u00e9s qu&rsquo;un homme tirait \u00e0 l&rsquo;arme \u00e0 feu depuis son balcon. Un fusil dont il se servait pour viser les sapins d&rsquo;en face. Il avait \u00e9t\u00e9 interpell\u00e9 avec l&rsquo;appui du Raid, l&rsquo;occasion de se rendre compte que le suspect \u00e9tait ivre.<\/p>\n<p>Face aux juges du tribunal correctionnel de Grenoble, le jeune homme a expliqu\u00e9 n&rsquo;avoir aucun souvenir de la sc\u00e8ne. Par ailleurs, il avait chez lui une arme de poing, un fusil \u00e0 pompe, des munitions et des gilets pare-balles.<\/p>\n<p>Le pr\u00e9venu se d\u00e9crivait comme un passionn\u00e9 d&rsquo;armes, qu&rsquo;il achetait ill\u00e9galement.<\/p>\n<p>Il a \u00e9cop\u00e9 de 3 ans de prison, dont 1 an avec sursis et a \u00e9t\u00e9 incarc\u00e9r\u00e9.<\/p>\n","protected":false},"excerpt":{"rendered":"Pour avoir tir\u00e9 \u00e0 l&rsquo;aide d&rsquo;une arme \u00e0 feu depuis son balcon le 9 ao\u00fbt dernier \u00e0 Saint-Martin-le-Vinoux,&hellip;\n","protected":false},"author":2,"featured_media":440431,"comment_status":"","ping_status":"","sticky":false,"template":"","format":"standard","meta":{"footnotes":""},"categories":[9566],"tags":[1111,11,7733,8279,2430,7736,650,7734,2889,2263,1777,674,1011,27,2731,8280,6417,1114,108,4662,12,3725,1825,25,7737],"class_list":{"0":"post-440430","1":"post","2":"type-post","3":"status-publish","4":"format-standard","5":"has-post-thumbnail","7":"category-grenoble","8":"tag-actu","9":"tag-actualites","10":"tag-alpes","11":"tag-alpes1","12":"tag-auvergne-rhone-alpes","13":"tag-cds","14":"tag-cinema","15":"tag-ecoute","16":"tag-emission","17":"tag-equipe","18":"tag-eu","19":"tag-europe","20":"tag-fr","21":"tag-france","22":"tag-grenoble","23":"tag-haute","24":"tag-information","25":"tag-infos","26":"tag-isere","27":"tag-journal","28":"tag-news","29":"tag-podcast","30":"tag-radio","31":"tag-republique-francaise","32":"tag-winamp"},"share_on_mastodon":{"url":"https:\/\/pubeurope.com\/@fr\/115320768660672360","error":""},"_links":{"self":[{"href":"https:\/\/www.europesays.com\/fr\/wp-json\/wp\/v2\/posts\/440430","targetHints":{"allow":["GET"]}}],"collection":[{"href":"https:\/\/www.europesays.com\/fr\/wp-json\/wp\/v2\/posts"}],"about":[{"href":"https:\/\/www.europesays.com\/fr\/wp-json\/wp\/v2\/types\/post"}],"author":[{"embeddable":true,"href":"https:\/\/www.europesays.com\/fr\/wp-json\/wp\/v2\/users\/2"}],"replies":[{"embeddable":true,"href":"https:\/\/www.europesays.com\/fr\/wp-json\/wp\/v2\/comments?post=440430"}],"version-history":[{"count":0,"href":"https:\/\/www.europesays.com\/fr\/wp-json\/wp\/v2\/posts\/440430\/revisions"}],"wp:featuredmedia":[{"embeddable":true,"href":"https:\/\/www.europesays.com\/fr\/wp-json\/wp\/v2\/media\/440431"}],"wp:attachment":[{"href":"https:\/\/www.europesays.com\/fr\/wp-json\/wp\/v2\/media?parent=440430"}],"wp:term":[{"taxonomy":"category","embeddable":true,"href":"https:\/\/www.europesays.com\/fr\/wp-json\/wp\/v2\/categories?post=440430"},{"taxonomy":"post_tag","embeddable":true,"href":"https:\/\/www.europesays.com\/fr\/wp-json\/wp\/v2\/tags?post=440430"}],"curies":[{"name":"wp","href":"https:\/\/api.w.org\/{rel}","templated":true}]}}