{"id":440432,"date":"2025-10-05T09:07:10","date_gmt":"2025-10-05T09:07:10","guid":{"rendered":"https:\/\/www.europesays.com\/fr\/440432\/"},"modified":"2025-10-05T09:07:10","modified_gmt":"2025-10-05T09:07:10","slug":"pro-d2-un-test-de-resistance-reussi-par-les-provencaux-a-grenoble","status":"publish","type":"post","link":"https:\/\/www.europesays.com\/fr\/440432\/","title":{"rendered":"Pro D2 &#8211; Un test de r\u00e9sistance r\u00e9ussi par les Proven\u00e7aux \u00e0 Grenoble"},"content":{"rendered":"<p>\n                Dans un contexte \u00e0 tr\u00e8s haute tension, les Proven\u00e7aux ont mis fin \u00e0 la longue s\u00e9rie d\u2019invincibilit\u00e9 sur les terres de Grenoblois qui ont, une fois de plus, eu un mal fou \u00e0 ma\u00eetriser leurs nerfs (23-24).\n            <\/p>\n<p>Fatalement, il pesait autour de cette rencontre un contexte pesant. Un avant-match si tendu et anxiog\u00e8ne qu\u2019il ne pouvait d\u00e9boucher que sur une opposition \u00e2pre et serr\u00e9e, au bout de laquelle le vainqueur devait \u00eatre celui qui ma\u00eetriserait le mieux ses nerfs. Las pour le FCG, comme trop souvent dans ses grands rendez-vous, sa ma\u00eetrise s\u2019est \u00e9tiol\u00e9e au fil des minutes. On songe ici, \u00e9videmment, \u00e0 cette p\u00e9nalit\u00e9 de la gagne manqu\u00e9e par Romain Trouilloud, suivie d\u2019un en-avant de ce dernier sur l\u2019ultime ballon. \u00c0 ce coup de pied balanc\u00e9 sans raison par Javakhia en premi\u00e8re p\u00e9riode, qui permit \u00e0 Provence Rugby de r\u00e9pliquer par un 50:22 et de prendre l\u2019avantage contre le cours du jeu. Mais aussi, et surtout, \u00e0 cette indiscipline, une fois de plus symbolis\u00e9e par Richard Hardwick, expuls\u00e9 pour les m\u00eames causes et m\u00eames effets que lors de la demi-finale face \u00e0 ce m\u00eame adversaire, laissant penser que ce FCG n\u2019apprend d\u00e9cid\u00e9ment jamais de ses erreurs\u2026 \u00ab\u00a0Que vous dire ? Qu\u2019il a refait la m\u00eame faute, que c\u2019est une faute \u00e0 la c\u2026, mais on ne va pas lui couper la t\u00eate, soufflait Patrick P\u00e9zery. C\u2019est pr\u00e9judiciable et \u00e7a laisse un sentiment de g\u00e2chis car le match bascule l\u00e0-dessus, alors qu\u2019on avait pas mal corrig\u00e9 le tir dans ce domaine.\u00a0\u00bb<\/p>\n<p>\u00ab\u00a0Le Stade des Alpes \u00e9tait devenu une forteresse, grin\u00e7ait Antonin Berruyer \u00e0 l\u2019\u00e9vocation des vingt-cinq matchs sans d\u00e9faite encha\u00een\u00e9s \u00e0 domicile par le FCG en Pro D2. Ce soir, nous sommes tomb\u00e9s. \u00c7a m\u2019affecte, \u00e7a affecte le groupe mais les toutes les s\u00e9ries sont faites pour s\u2019arr\u00eater.\u00a0\u00bb D\u2019autant plus affectant que la derni\u00e8re d\u00e9faite du FCG au Stade des Alpes remontait \u00e0 la r\u00e9ception de Nevers, une autre semaine de crise, qui avait vu le club se faire retirer six points la veille du match. Difficile de parler de hasard\u2026<\/p>\n<p>\u00ab\u00a0On ressemble \u00e0 une \u00e9quipe\u00a0\u00bb<\/p>\n<p>Mais de tout cela, \u00e0 l\u2019\u00e9vidence, les Aixois n\u2019avaient cure. Et on ne peut que les comprendre, tant ces derniers ont r\u00e9alis\u00e9 le match qu\u2019il fallait, r\u00e9ussissant la gageure de se remettre du carton orange inflig\u00e9 en premi\u00e8re p\u00e9riode \u00e0 Zafra Tarazona. \u00ab\u00a0\u00c0 la mi-temps, j\u2019ai dit aux joueurs qu\u2019il ne nous restait que six minutes \u00e0 quatorze, relatait le directeur sportif Philippe Saint-Andr\u00e9. Si on ne prenait pas de points sur l\u2019entame, on pouvait renverser la table. Nous avons \u00e9t\u00e9 beaucoup plus agressifs d\u00e9fensivement et notre banc a fait du bien. Notre m\u00eal\u00e9e a \u00e9t\u00e9 importante et, surtout, cet \u00e9tat d\u2019esprit qu\u2019on avait pas encore vu \u00e0 l\u2019ext\u00e9rieur. Aujourd\u2019hui, on ressemble \u00e0 une \u00e9quipe.\u00a0\u00bb<\/p>\n<p>Constat confirm\u00e9 par l\u2019ouvreur Thomas Salles. \u00ab\u00a0Nous avons \u00e9t\u00e9 solidaires tout le match et plus encore durant ce carton orange pendant lequel on a encaiss\u00e9 des points. Malgr\u00e9 \u00e7a, nous sommes rest\u00e9s calmes. Ce n\u2019\u00e9tait pas \u00e0 nous de construire le match, donc on voulait rester au contact et on l\u2019a plut\u00f4t bien fait, notamment en les marquant physiquement. Il faut se baser l\u00e0-dessus pour tous nos prochains matchs.\u00a0\u00bb La machine Provence Rugby est enfin lanc\u00e9e.<\/p>\n","protected":false},"excerpt":{"rendered":"Dans un contexte \u00e0 tr\u00e8s haute tension, les Proven\u00e7aux ont mis fin \u00e0 la longue s\u00e9rie d\u2019invincibilit\u00e9 sur&hellip;\n","protected":false},"author":2,"featured_media":440433,"comment_status":"","ping_status":"","sticky":false,"template":"","format":"standard","meta":{"footnotes":""},"categories":[9566],"tags":[1111,11,2430,1777,674,1011,27,2731,12,25],"class_list":{"0":"post-440432","1":"post","2":"type-post","3":"status-publish","4":"format-standard","5":"has-post-thumbnail","7":"category-grenoble","8":"tag-actu","9":"tag-actualites","10":"tag-auvergne-rhone-alpes","11":"tag-eu","12":"tag-europe","13":"tag-fr","14":"tag-france","15":"tag-grenoble","16":"tag-news","17":"tag-republique-francaise"},"share_on_mastodon":{"url":"https:\/\/pubeurope.com\/@fr\/115320772534474965","error":""},"_links":{"self":[{"href":"https:\/\/www.europesays.com\/fr\/wp-json\/wp\/v2\/posts\/440432","targetHints":{"allow":["GET"]}}],"collection":[{"href":"https:\/\/www.europesays.com\/fr\/wp-json\/wp\/v2\/posts"}],"about":[{"href":"https:\/\/www.europesays.com\/fr\/wp-json\/wp\/v2\/types\/post"}],"author":[{"embeddable":true,"href":"https:\/\/www.europesays.com\/fr\/wp-json\/wp\/v2\/users\/2"}],"replies":[{"embeddable":true,"href":"https:\/\/www.europesays.com\/fr\/wp-json\/wp\/v2\/comments?post=440432"}],"version-history":[{"count":0,"href":"https:\/\/www.europesays.com\/fr\/wp-json\/wp\/v2\/posts\/440432\/revisions"}],"wp:featuredmedia":[{"embeddable":true,"href":"https:\/\/www.europesays.com\/fr\/wp-json\/wp\/v2\/media\/440433"}],"wp:attachment":[{"href":"https:\/\/www.europesays.com\/fr\/wp-json\/wp\/v2\/media?parent=440432"}],"wp:term":[{"taxonomy":"category","embeddable":true,"href":"https:\/\/www.europesays.com\/fr\/wp-json\/wp\/v2\/categories?post=440432"},{"taxonomy":"post_tag","embeddable":true,"href":"https:\/\/www.europesays.com\/fr\/wp-json\/wp\/v2\/tags?post=440432"}],"curies":[{"name":"wp","href":"https:\/\/api.w.org\/{rel}","templated":true}]}}