{"id":440440,"date":"2025-10-05T09:13:14","date_gmt":"2025-10-05T09:13:14","guid":{"rendered":"https:\/\/www.europesays.com\/fr\/440440\/"},"modified":"2025-10-05T09:13:14","modified_gmt":"2025-10-05T09:13:14","slug":"la-journaliste-siam-spencer-raconte-sur-rtl-la-violence-du-quartier-des-moulins-a-nice","status":"publish","type":"post","link":"https:\/\/www.europesays.com\/fr\/440440\/","title":{"rendered":"la journaliste Siam Spencer raconte sur RTL la violence du quartier des Moulins \u00e0 Nice"},"content":{"rendered":"<p class=\"article-p mdl\">\u00c0 Nice, le quartier des Moulins est plong\u00e9 entre peur et col\u00e8re, deux jours apr\u00e8s\u00a0<a class=\"link\" href=\"https:\/\/www.rtl.fr\/actu\/justice-faits-divers\/fusillade-a-nice-au-moins-deux-morts-et-cinq-blesses-dont-trois-graves-7900548741\" title=\"Fusillade \u00e0 Nice : au moins deux morts et cinq bless\u00e9s, dont trois graves\" target=\"_blank\" rel=\"noopener\">la fusillade qui a fait deux morts et cinq bless\u00e9s<\/a>, dont trois graves. Si les enqu\u00eateurs ont pu <strong>retrouver le v\u00e9hicule des auteurs, ces derniers, eux, sont toujours introuvables<\/strong>.\u00a0Des renforts de CRS ont \u00e9t\u00e9 d\u00e9ploy\u00e9s sur place pour tenter de rassurer des habitants qui plus que jamais vivent dans la peur.<\/p>\n<p class=\"article-p mdl\">\u00ab\u00a0C&rsquo;est un endroit qui attire les jalousies de plusieurs clans de narcotrafiquants et donc <strong>on sait qu&rsquo;il va y avoir des \u00e9pisodes de violence <\/strong>comme celui-l\u00e0. Par contre, c&rsquo;est toujours aussi choquant de savoir que, dans un endroit o\u00f9 on a v\u00e9cu, o\u00f9 il y a autant de personnes qui vivent et qui ont un quotidien tout \u00e0 fait normal, il puisse y avoir des morts qui n&rsquo;ont souvent rien \u00e0 voir avec la situation\u00a0\u00bb, explique Siam Spencer, journaliste d&rsquo;investigation et auteure de La Laverie.\u00a0\u00a0<br \/>Ancienne correspondante de RTL sur la C\u00f4te d&rsquo;Azur, Siam Spencer a v\u00e9cu dans ce quartier populaire de Nice. \u00ab\u00a0Il y a des moments o\u00f9 c&rsquo;est un petit peu plus calme et on a presque une sensation de normalit\u00e9 quand on vit aux Moulins. Et d&rsquo;autres, <strong>\u00e7a part compl\u00e8tement en vrille et la violence ne fait qu&rsquo;augmenter<\/strong>. On a des gens qui, depuis plusieurs ann\u00e9es, ne veulent plus sortir de chez eux, ne veulent plus traverser le quartier pour amener les enfants \u00e0 l&rsquo;\u00e9cole. Et c&rsquo;est l\u00e0 qu&rsquo;on peut parler de quartiers qui sont un peu pris en otage parce qu&rsquo;on ne vit pas normalement\u00a0\u00bb, d\u00e9taille-t-elle.<\/p>\n<p>            Un trafic de drogue omnipr\u00e9sent<\/p>\n<p class=\"article-p mdl\">\u00a0Au c\u0153ur de cette ins\u00e9curit\u00e9 : <strong>le trafic de drogue, en constante augmentation dans le quartier des Moulins.\u00a0<\/strong>\u00ab\u00a0Pour le point de deal principal du quartier des Moulins \u00e0 Nice, c&rsquo;est 17.000 euros par jour, donc je vous laisse faire le calcul sur l&rsquo;ann\u00e9e. Il y a beaucoup de cannabis, qui est un peu la drogue classique, mais la coca\u00efne augmente \u00e9norm\u00e9ment\u00a0\u00bb, explique Siam Spencer.\u00a0<\/p>\n<p class=\"article-p mdl\">Une enqu\u00eate pour \u00ab\u00a0homicides volontaires en bande organis\u00e9e et tentatives d\u2019homicide volontaire en bande organis\u00e9e\u00a0\u00bb. Elle a \u00e9t\u00e9 confi\u00e9e en co-saisine \u00e0 la police judiciaire des Alpes-Maritimes et la direction zonale de la police nationale des Bouches-du-Rh\u00f4ne.<\/p>\n<p>    La r\u00e9daction vous recommande<\/p>\n<p class=\"s-newsletter__title\">\n                L\u2019actualit\u00e9 par la r\u00e9daction de RTL dans votre bo\u00eete mail.\n            <\/p>\n<p class=\"s-newsletter__subtitle\">\n                Gr\u00e2ce \u00e0 votre compte RTL abonnez-vous \u00e0 la newsletter RTL info pour suivre toute l&rsquo;actualit\u00e9 au quotidien\n            <\/p>\n<p>\n                                    Lire la suite\n                                <\/p>\n","protected":false},"excerpt":{"rendered":"\u00c0 Nice, le quartier des Moulins est plong\u00e9 entre peur et col\u00e8re, deux jours apr\u00e8s\u00a0la fusillade qui a&hellip;\n","protected":false},"author":2,"featured_media":440441,"comment_status":"","ping_status":"","sticky":false,"template":"","format":"standard","meta":{"footnotes":""},"categories":[2819],"tags":[1111,11,1052,1777,674,3483,118,107,1011,27,3832,12,2401,882,362,25],"class_list":{"0":"post-440440","1":"post","2":"type-post","3":"status-publish","4":"format-standard","5":"has-post-thumbnail","7":"category-nice","8":"tag-actu","9":"tag-actualites","10":"tag-drogue","11":"tag-eu","12":"tag-europe","13":"tag-extrait","14":"tag-faits-divers","15":"tag-fil-info","16":"tag-fr","17":"tag-france","18":"tag-fusillade","19":"tag-news","20":"tag-nice","21":"tag-provence-alpes-cote-dazur","22":"tag-replay","23":"tag-republique-francaise"},"share_on_mastodon":{"url":"https:\/\/pubeurope.com\/@fr\/115320796141590018","error":""},"_links":{"self":[{"href":"https:\/\/www.europesays.com\/fr\/wp-json\/wp\/v2\/posts\/440440","targetHints":{"allow":["GET"]}}],"collection":[{"href":"https:\/\/www.europesays.com\/fr\/wp-json\/wp\/v2\/posts"}],"about":[{"href":"https:\/\/www.europesays.com\/fr\/wp-json\/wp\/v2\/types\/post"}],"author":[{"embeddable":true,"href":"https:\/\/www.europesays.com\/fr\/wp-json\/wp\/v2\/users\/2"}],"replies":[{"embeddable":true,"href":"https:\/\/www.europesays.com\/fr\/wp-json\/wp\/v2\/comments?post=440440"}],"version-history":[{"count":0,"href":"https:\/\/www.europesays.com\/fr\/wp-json\/wp\/v2\/posts\/440440\/revisions"}],"wp:featuredmedia":[{"embeddable":true,"href":"https:\/\/www.europesays.com\/fr\/wp-json\/wp\/v2\/media\/440441"}],"wp:attachment":[{"href":"https:\/\/www.europesays.com\/fr\/wp-json\/wp\/v2\/media?parent=440440"}],"wp:term":[{"taxonomy":"category","embeddable":true,"href":"https:\/\/www.europesays.com\/fr\/wp-json\/wp\/v2\/categories?post=440440"},{"taxonomy":"post_tag","embeddable":true,"href":"https:\/\/www.europesays.com\/fr\/wp-json\/wp\/v2\/tags?post=440440"}],"curies":[{"name":"wp","href":"https:\/\/api.w.org\/{rel}","templated":true}]}}