{"id":440447,"date":"2025-10-05T09:18:10","date_gmt":"2025-10-05T09:18:10","guid":{"rendered":"https:\/\/www.europesays.com\/fr\/440447\/"},"modified":"2025-10-05T09:18:10","modified_gmt":"2025-10-05T09:18:10","slug":"une-petition-contre-levenement-recueille-plus-de-20-000-signatures","status":"publish","type":"post","link":"https:\/\/www.europesays.com\/fr\/440447\/","title":{"rendered":"une p\u00e9tition contre l&rsquo;\u00e9v\u00e9nement recueille plus de 20 000 signatures"},"content":{"rendered":"<p>            Par<br \/>\n        <strong><br \/>\n            <a href=\"https:\/\/actu.fr\/auteur\/gabriel-kenedi\" title=\"Consulter tous les articles de Gabriel Kenedi\" target=\"_blank\" rel=\"noopener\">Gabriel Kenedi<\/a><br \/>\n        <\/strong><\/p>\n<p>        Publi\u00e9 le<\/p>\n<p>            5 oct. 2025 \u00e0 11h02        <\/p>\n<p>Plus de 20 000 signataires demandent l\u2019interdiction du <strong>salon du chiot<\/strong>, qui doit se d\u00e9rouler les 11 et 12 octobre 2025 au MIN de Toulouse, a rep\u00e9r\u00e9 <a href=\"https:\/\/actu.fr\/toulouse\/\" target=\"_blank\" rel=\"noopener\">Actu Toulouse<\/a>.\u00a0\u00a0<\/p>\n<p>\u00ab\u00a0Plus de 200 chiots\u00a0\u00bb disponibles \u00e0 la vente\u00a0<\/p>\n<p class=\" wall-content\">Ce<strong> salon du chiot<\/strong>, qui doit se d\u00e9rouler au Min de Toulouse, situ\u00e9 au 146 avenue des \u00c9tats-Unis, promet<a href=\"https:\/\/salonduchiotmde.fr\/\" target=\"_blank\" rel=\"noopener\"> sur son site Internet<\/a> la pr\u00e9sence de \u00ab\u00a0<strong>plus de 200 chiots disponibles<\/strong> \u00e0 la vente\u00a0\u00bb, avec des races comme le Golden Retriever, le Berger Australien, le Border Collie ou encore le Beage et le Jack Russel\u2026 <strong>\u00ab\u00a0et aussi quelques chatons\u00a0\u00bb<\/strong>.\u00a0<\/p>\n<p>Une association demande son interdiction\u00a0<\/p>\n<p class=\" wall-content\">Il n\u2019en fallait pas moins pour que l\u2019association de protection animale <strong>Argos 42<\/strong> mette en ligne <a href=\"https:\/\/www.mesopinions.com\/petition\/animaux\/stop-salon-chiot-toulouse\/257730\" target=\"_blank\" rel=\"noopener\">une p\u00e9tition<\/a> afin de demander <strong>l\u2019interdiction de la tenue de ce salon<\/strong> \u00e0 Toulouse.<\/p>\n<p class=\" wall-content\">L\u2019association \u00ab\u00a0s\u2019oppose \u00e0 la tenue de cet \u00e9v\u00e8nement qui soul\u00e8ve de <strong>s\u00e9rieuses pr\u00e9occupations<\/strong>. Derri\u00e8re l\u2019apparence conviviale de ce type d\u2019\u00e9v\u00e8nement, les animaux sont souvent expos\u00e9s comme de simples marchandises <strong>au d\u00e9triment de leur bien-\u00eatre<\/strong>\u00ab\u00a0, explique-t-elle.\u00a0<\/p>\n<blockquote class=\"ac-article-quote wall-content\">\n<p>\u00ab\u00a0Alors que la France compte aujourd\u2019hui plus de 330 000 animaux abandonn\u00e9s en France chaque ann\u00e9e, comment peut-on encore l\u00e9gitimer des \u00e9v\u00e9nements qui encouragent la vente de chiots ? N\u2019est-il pas temps de questionner un mod\u00e8le qui, sous couvert de loisir, alimente une spirale de souffrance et d\u2019abandon ?<\/p>\n<p>    <strong>L&rsquo;association Agros 42<\/strong>\n            <\/p><\/blockquote>\n<p>Vid\u00e9os : en ce moment sur Actu<\/p>\n<p class=\" wall-content\">Dans sa p\u00e9tition, l\u2019association demande au Min \u00ab\u00a0de ne plus accueillir de salons du chiot dans ses locaux\u00a0\u00bb, \u00e0 Toulouse M\u00e9tropole (propri\u00e9taire du MIN) \u00ab\u00a0de ne plus cautionner de salon animalier dans ses locaux\u00a0\u00bb ou encore aux services de l\u2019\u00c9tat \u00ab\u00a0d\u2019assurer un contr\u00f4le syst\u00e9matique de l\u2019\u00e9tat des animaux ainsi que du respect des normes sanitaires et de protection animale\u00a0\u00bb.\u00a0<\/p>\n<p>Votre r\u00e9gion, votre actu !<\/p>\n<p>Recevez chaque jour les infos qui comptent pour vous.<\/p>\n<p>\t<a href=\"https:\/\/actu.fr\/newsletter\" class=\"ac-btn ac-btn--corner ac-btn--medium ac-btn--blue800\" target=\"_blank\" rel=\"noopener\">S&rsquo;incrire<\/a><br \/>\nPr\u00e8s de 20 000 signatures<\/p>\n<p class=\" wall-content\">Dimanche 5 octobre 2025, \u00e0 10 heures, la p\u00e9tition <strong>\u00ab\u00a0Stop au salon du chiot\u00a0\u00bb<\/strong> r\u00e9unissait <strong>pr\u00e8s de 20 200 signatures<\/strong>.<\/p>\n<p class=\" wall-content\">\u00ab\u00a0Sur le plan l\u00e9gislatif, cette mobilisation locale intervient au moment o\u00f9 une proposition de loi, d\u00e9pos\u00e9e \u00e0 l\u2019Assembl\u00e9e nationale le 11 juillet 2025, vise \u00e0 interdire les salons de vente de chiots et de chatons sur l\u2019ensemble du territoire. Pour ARGOS 42, l\u2019espoir est que cette conjonction entre actions locales et d\u00e9cisions politiques permette de <strong>faire \u00e9voluer les pratiques<\/strong>, dans le sens d\u2019une meilleure protection animale\u00a0\u00bb, pr\u00e9cise encore l\u2019association.\u00a0<\/p>\n<p>Une manifestation pr\u00e9vue samedi\u00a0<\/p>\n<p class=\" wall-content\">Dans le m\u00eame temps, une autre association, <strong>PAZ<\/strong>, a quant \u00e0 elle pr\u00e9vu de <strong>manifester devant le salon<\/strong> le samedi 11 octobre prochain, \u00e0 11h30.<\/p>\n<p class=\" wall-content\">\u00ab\u00a0Le salon se tenant dans un b\u00e2timent appartenant \u00e0 la M\u00e9tropole, PAZ (Projet Animaux Zooopolis) a \u00e9crit \u00e0 la M\u00e9tropole de Toulouse pour lui demander de tout mettre en \u0153uvre pour que cela cesse. Les b\u00e9n\u00e9voles de PAZ sensibiliseront les personnes se rendant \u00e0 cet \u00e9v\u00e9nement <strong>en distribuant des tracts<\/strong> et en <strong>tenant des panneaux<\/strong>\u00ab\u00a0, pr\u00e9cise l\u2019association.\u00a0<\/p>\n<p>\u00ab\u00a0Est-ce que c\u2019est mieux sur LeBonCoin ?\u00a0\u00bb<\/p>\n<p class=\" wall-content\">Contact\u00e9 par Actu Toulouse, <strong>Francis Duprat<\/strong> \u00ab\u00a0\u00e9leveur depuis 1976\u00a0\u00bb et organisateur de ce salon, d\u00e9nonce un \u00ab\u00a0faux proc\u00e8s\u00a0\u00bb intent\u00e9 aux salons de ce type.<\/p>\n<p class=\" wall-content\">Et s\u2019interroge sur ce type de p\u00e9titions \u00ab\u00a0qu\u2019on voit <strong>appara\u00eetre partout en France<\/strong> depuis quelques semaines\u00a0\u00bb.\u00a0<\/p>\n<p class=\" wall-content\">\u00ab\u00a0Ces p\u00e9titions se r\u00e9p\u00e8tent dans tous les d\u00e9partements, d\u00e8s qu\u2019un salon du chiot est organis\u00e9. Derri\u00e8re, cela, quel est le but ? Faire interdire les salons. Ok\u2026 mais apr\u00e8s, <strong>on va les vendre, o\u00f9, les chiens<\/strong> ? On ne peut plus les vendre dans les animaleries. Est-ce que c\u2019est mieux sur LeBonCoin o\u00f9 c\u2019est la foire \u00e0 n\u2019importe quoi, avec de vrais risques d\u2019arnaques ? Je ne pense pas\u00a0\u00bb.\u00a0<\/p>\n<p>\u00ab\u00a0Nos salons sont extr\u00eamement contr\u00f4l\u00e9s\u00a0\u00bb<\/p>\n<p class=\" wall-content\">L\u2019organisateur du salon du chiot l\u2019assure : \u00ab\u00a0<strong>On est des professionnels<\/strong> : nos salons sont extr\u00eamement contr\u00f4l\u00e9s. Dans ce salon, il n\u2019y a que des \u00e9leveurs pros, avec un num\u00e9ro de siret, un agr\u00e9ment de transport, des v\u00e9hicules agr\u00e9\u00e9s, etc. Les chiots sont<strong> contr\u00f4l\u00e9s par un v\u00e9t\u00e9rinaire<\/strong> <strong>sanitaire<\/strong> la veille au soir de chaque salon animalier. Ils ne peuvent \u00eatre expos\u00e9s qu\u2019avec son accord. Lors du salon, les chiots sont expos\u00e9s dans <strong>des cages adapt\u00e9es<\/strong> dont les dimensions et la surface est r\u00e9glement\u00e9e\u00a0\u00bb, poursuit Francis Duprat.<\/p>\n<p>\u00ab\u00a0Je ne vois pas pourquoi il serait interdit\u00a0\u00bb<\/p>\n<p class=\" wall-content\">Qui ajoute : \u00ab\u00a0Les gens qui viennent nous voir ne viennent g\u00e9n\u00e9ralement pas pour acheter mais plut\u00f4t pour se faire une id\u00e9e. Cela leur permet d\u2019identifier <strong>des \u00e9leveurs s\u00e9rieux et fiables<\/strong> et de repartir avec des contacts\u00a0\u00bb.\u00a0<\/p>\n<p class=\" wall-content\">Pour lui, une chose est s\u00fbre : le salon du chiot pr\u00e9vu les 11 et 12 octobre sera maintenu. \u00ab\u00a0Je ne vois pas pourquoi il serait interdit, on respecte toutes les r\u00e8gles en vigueur !\u00a0\u00bb.\u00a0<\/p>\n<p class=\" wall-content\">Personnalisez votre actualit\u00e9 en ajoutant vos villes et m\u00e9dias en favori avec <a href=\"https:\/\/moncompte.actu.fr\" title=\"D\u00e9couvez Mon Actu\" rel=\"nofollow noopener\" data-trk=\"{&quot;cta&quot;:{&quot;action&quot;:&quot;https:\\\/\\\/moncompte.actu.fr&quot;,&quot;category&quot;:&quot;mon compte&quot;,&quot;from&quot;:&quot;article footer&quot;,&quot;name&quot;:&quot;Mon actu&quot;,&quot;type&quot;:&quot;cta&quot;}}\" target=\"_blank\">Mon Actu<\/a>.<\/p>\n","protected":false},"excerpt":{"rendered":"Par Gabriel Kenedi Publi\u00e9 le 5 oct. 2025 \u00e0 11h02 Plus de 20 000 signataires demandent l\u2019interdiction du&hellip;\n","protected":false},"author":2,"featured_media":440448,"comment_status":"","ping_status":"","sticky":false,"template":"","format":"standard","meta":{"footnotes":""},"categories":[2816],"tags":[1111,11,1867,4850,1777,674,1011,27,12,2680,25,104,2312],"class_list":{"0":"post-440447","1":"post","2":"type-post","3":"status-publish","4":"format-standard","5":"has-post-thumbnail","7":"category-toulouse","8":"tag-actu","9":"tag-actualites","10":"tag-animaux","11":"tag-chien","12":"tag-eu","13":"tag-europe","14":"tag-fr","15":"tag-france","16":"tag-news","17":"tag-occitanie","18":"tag-republique-francaise","19":"tag-societe","20":"tag-toulouse"},"share_on_mastodon":{"url":"","error":""},"_links":{"self":[{"href":"https:\/\/www.europesays.com\/fr\/wp-json\/wp\/v2\/posts\/440447","targetHints":{"allow":["GET"]}}],"collection":[{"href":"https:\/\/www.europesays.com\/fr\/wp-json\/wp\/v2\/posts"}],"about":[{"href":"https:\/\/www.europesays.com\/fr\/wp-json\/wp\/v2\/types\/post"}],"author":[{"embeddable":true,"href":"https:\/\/www.europesays.com\/fr\/wp-json\/wp\/v2\/users\/2"}],"replies":[{"embeddable":true,"href":"https:\/\/www.europesays.com\/fr\/wp-json\/wp\/v2\/comments?post=440447"}],"version-history":[{"count":0,"href":"https:\/\/www.europesays.com\/fr\/wp-json\/wp\/v2\/posts\/440447\/revisions"}],"wp:featuredmedia":[{"embeddable":true,"href":"https:\/\/www.europesays.com\/fr\/wp-json\/wp\/v2\/media\/440448"}],"wp:attachment":[{"href":"https:\/\/www.europesays.com\/fr\/wp-json\/wp\/v2\/media?parent=440447"}],"wp:term":[{"taxonomy":"category","embeddable":true,"href":"https:\/\/www.europesays.com\/fr\/wp-json\/wp\/v2\/categories?post=440447"},{"taxonomy":"post_tag","embeddable":true,"href":"https:\/\/www.europesays.com\/fr\/wp-json\/wp\/v2\/tags?post=440447"}],"curies":[{"name":"wp","href":"https:\/\/api.w.org\/{rel}","templated":true}]}}