{"id":440453,"date":"2025-10-05T09:22:11","date_gmt":"2025-10-05T09:22:11","guid":{"rendered":"https:\/\/www.europesays.com\/fr\/440453\/"},"modified":"2025-10-05T09:22:11","modified_gmt":"2025-10-05T09:22:11","slug":"marseille-la-derniere-guillotine-exposee-au-mucem-en-hommage-a-robert-badinter-avant-sa-pantheonisation","status":"publish","type":"post","link":"https:\/\/www.europesays.com\/fr\/440453\/","title":{"rendered":"Marseille. La derni\u00e8re guillotine expos\u00e9e au Mucem en hommage \u00e0 Robert Badinter avant sa panth\u00e9onisation"},"content":{"rendered":"<p>Tir\u00e9e des r\u00e9serves du Mucem, la guillotine sera expos\u00e9e 6 mois durant. Une mani\u00e8re de rendre hommage \u00e0 l\u2019homme qui a fait de l\u2019abolition de la peine de mort, le combat de sa vie. Au moment o\u00f9 la R\u00e9publique salue la lutte de Robert Badinter en l\u2019accueillant au Panth\u00e9on, il \u00e9tait logique de ressortir le symbole de son combat.<br \/>\n<img fetchpriority=\"high\" decoding=\"async\" class=\"size-large wp-image-110029\" src=\"https:\/\/www.europesays.com\/fr\/wp-content\/uploads\/2025\/10\/IMG-20251003-WA0002-768x1024.jpg\" alt=\"Destimed IMG 20251003 WA0002\" width=\"768\" height=\"1024\"  \/>La guillotine fait 4,50 m\u00e8tres de haut, p\u00e8se 800 kg \u00a9Jo\u00ebl Barcy<br \/>\nUne machine gla\u00e7ante<\/p>\n<p>Elle nous fait face comme un b\u00eate assoiff\u00e9e de sang. La guillotine tr\u00f4ne au centre d\u2019un demi-cercle. Le mus\u00e9e l\u2019a sortie de ses collections pour rendre hommage \u00e0 Robert Badinter. Il a vu la machine gla\u00e7ante en action et toute sa vie ne fut qu\u2019un combat pour abolir la peine de mort. \u00ab Pour ne plus avoir de gens couper en deux \u00bb, dira-t-il. A quelques jours de son entr\u00e9e au Panth\u00e9on le Mucem a voulu lui rendre hommage \u00e0 travers cet objet. \u00ab Il fallait que le public se rende compte physiquement de ce que cela voulait dire, analyse Pierre-Olivier Costa, le pr\u00e9sident du Mucem. L\u2019histoire n\u2019est pas qu\u2019abstraction, elle est aussi objet et on est un mus\u00e9e de l\u2019objet. Alors on a voulu monter \u00e0 quel point l\u2019objet disait des choses de cette abolition de la peine de mort. \u00bb<\/p>\n<p>Un objet g\u00eanant<br \/>\n<img loading=\"lazy\" decoding=\"async\" class=\"size-large wp-image-110030\" src=\"https:\/\/www.europesays.com\/fr\/wp-content\/uploads\/2025\/10\/IMG-20251003-WA0004-1024x768.jpg\" alt=\"Destimed IMG 20251003 WA0004\" width=\"1024\" height=\"768\"  \/>Le bruit sourd de la guillotine a r\u00e9sonn\u00e9 pour la derni\u00e8re fois le 10 septembre 1977, \u00e0 la prison des Baumettes \u00e0 Marseille (Photo Jo\u00ebl Barcy)<\/p>\n<p>Quand la peine de mort a \u00e9t\u00e9 abolie en 1981, aucun dossier dans les archives n\u2019\u00e9voque la volont\u00e9 du personnel scientifique de faire entrer cette pi\u00e8ce dans un mus\u00e9e. C\u2019est Robert Badinter qui a voulu que la guillotine soit conserv\u00e9e dans un mus\u00e9e pour \u00eatre inali\u00e9nable mais avec des pr\u00e9cautions. \u00ab Quand la guillotine entre en collection en 1982, il est sp\u00e9cifi\u00e9 qu\u2019il ne faut pas pr\u00e9senter cet objet au public avant l\u2019an 2 000, d\u00e9voile Marie-Charlotte Calafat, directrice scientifique et des collections du Mucem. Il y a cette projection d\u2019en faire une pi\u00e8ce de mus\u00e9e mais pour le futur parce que c\u2019est trop sensible \u00bb. Il y a une g\u00eane ? \u00ab C\u2019est certain, cet objet est gla\u00e7ant, il est monstrueux. Il fait 4,50 m\u00e8tres de haut, p\u00e8se 800 kg, le mouton qui tient la lame fait 40 kg\u2026 L\u00e0 on a vraiment voulu \u00eatre en hommage \u00e0 la pi\u00e8ce de mus\u00e9e que souhaitait Robert Badinter, donc on la pr\u00e9sente comme tel. \u00bb<\/p>\n<p>Un objet central<\/p>\n<p>Jamais la guillotine n\u2019a \u00e9t\u00e9 pr\u00e9sent\u00e9e de cette mani\u00e8re, centrale. Au mus\u00e9e d\u2019Orsay en 2010 elle \u00e9tait partiellement voil\u00e9e. Aux Baumettes, elle \u00e9tait derri\u00e8re des grilles. Le Mucem l\u2019a expos\u00e9e d\u00e8s 2013 et pendant 4 ans mais dans un coin. L\u00e0, elle nous fait face, l\u2019\u00e9motion est tr\u00e8s forte mais elle est att\u00e9nu\u00e9e par une contextualisation des diff\u00e9rentes luttes. \u00ab C\u2019est pleinement notre r\u00f4le d\u2019\u00eatre \u00e0 la fois ce lieu d\u2019apaisement et de d\u00e9bats, indique le pr\u00e9sident du Mucem. On est un mus\u00e9e de soci\u00e9t\u00e9 donc on a des marqueurs, des traces de toutes les avanc\u00e9es sociales et soci\u00e9tales. On peut regarder les choses en face juste avec la m\u00e9moire et la consid\u00e9ration qu\u2019on doit avoir pour les hommes et les femmes qui se sont battus. \u00bb<\/p>\n<p>Un outil chirurgical<\/p>\n<p>L\u2019apparition de la Guillotine\u00a0 -qui tire son nom de son inventeur, un m\u00e9decin, M. Guillotin-, remonte \u00e0 1792. Elle fut utilis\u00e9e pour Le roi Louis XVI. Si l\u2019outil est monstrueux, il est apparu pour \u00e9viter que des condamn\u00e9s, d\u00e9capit\u00e9s \u00e0 la hache ne meurent souvent dans d\u2019atroces souffrances. Le bourreau de Marie-Stuart manqua deux fois son cou avant que le troisi\u00e8me ne f\u00fbt fatal et elle n\u2019est pas la seule. On estime \u00e0 40 000 le nombre de personnes guillotin\u00e9es depuis sa premi\u00e8re utilisation, majoritairement durant la R\u00e9volution. Le bruit sourd de la guillotine a r\u00e9sonn\u00e9 pour la derni\u00e8re fois le 10 septembre 1977, \u00e0 la prison des Baumettes \u00e0 Marseille.<\/p>\n<p>Robert Badinter entrera au Panth\u00e9on le 9 octobre. Le Mucem sera gratuit \u00e0 cette occasion.<\/p>\n<p><strong>Reportage Jo\u00ebl BARCY<\/strong><\/p>\n","protected":false},"excerpt":{"rendered":"Tir\u00e9e des r\u00e9serves du Mucem, la guillotine sera expos\u00e9e 6 mois durant. Une mani\u00e8re de rendre hommage \u00e0&hellip;\n","protected":false},"author":2,"featured_media":440454,"comment_status":"","ping_status":"","sticky":false,"template":"","format":"standard","meta":{"footnotes":""},"categories":[2814],"tags":[1111,11,1777,674,1011,27,884,12,882,25],"class_list":{"0":"post-440453","1":"post","2":"type-post","3":"status-publish","4":"format-standard","5":"has-post-thumbnail","7":"category-marseille","8":"tag-actu","9":"tag-actualites","10":"tag-eu","11":"tag-europe","12":"tag-fr","13":"tag-france","14":"tag-marseille","15":"tag-news","16":"tag-provence-alpes-cote-dazur","17":"tag-republique-francaise"},"share_on_mastodon":{"url":"https:\/\/pubeurope.com\/@fr\/115320832052730730","error":""},"_links":{"self":[{"href":"https:\/\/www.europesays.com\/fr\/wp-json\/wp\/v2\/posts\/440453","targetHints":{"allow":["GET"]}}],"collection":[{"href":"https:\/\/www.europesays.com\/fr\/wp-json\/wp\/v2\/posts"}],"about":[{"href":"https:\/\/www.europesays.com\/fr\/wp-json\/wp\/v2\/types\/post"}],"author":[{"embeddable":true,"href":"https:\/\/www.europesays.com\/fr\/wp-json\/wp\/v2\/users\/2"}],"replies":[{"embeddable":true,"href":"https:\/\/www.europesays.com\/fr\/wp-json\/wp\/v2\/comments?post=440453"}],"version-history":[{"count":0,"href":"https:\/\/www.europesays.com\/fr\/wp-json\/wp\/v2\/posts\/440453\/revisions"}],"wp:featuredmedia":[{"embeddable":true,"href":"https:\/\/www.europesays.com\/fr\/wp-json\/wp\/v2\/media\/440454"}],"wp:attachment":[{"href":"https:\/\/www.europesays.com\/fr\/wp-json\/wp\/v2\/media?parent=440453"}],"wp:term":[{"taxonomy":"category","embeddable":true,"href":"https:\/\/www.europesays.com\/fr\/wp-json\/wp\/v2\/categories?post=440453"},{"taxonomy":"post_tag","embeddable":true,"href":"https:\/\/www.europesays.com\/fr\/wp-json\/wp\/v2\/tags?post=440453"}],"curies":[{"name":"wp","href":"https:\/\/api.w.org\/{rel}","templated":true}]}}