{"id":440457,"date":"2025-10-05T09:24:12","date_gmt":"2025-10-05T09:24:12","guid":{"rendered":"https:\/\/www.europesays.com\/fr\/440457\/"},"modified":"2025-10-05T09:24:12","modified_gmt":"2025-10-05T09:24:12","slug":"la-course-dorientation-a-venissieux-tourne-mal-un-adolescent-agresse","status":"publish","type":"post","link":"https:\/\/www.europesays.com\/fr\/440457\/","title":{"rendered":"la course d&rsquo;orientation \u00e0 V\u00e9nissieux tourne mal, un adolescent agress\u00e9"},"content":{"rendered":"<p itemprop=\"description\"><strong>Le parc de Parilly \u00e0 V\u00e9nissieux a \u00e9t\u00e9 le th\u00e9\u00e2tre d&rsquo;une agression ce mercredi apr\u00e8s-midi.<\/strong><\/p>\n<p>Alors qu&rsquo;une course d&rsquo;orientation de coll\u00e9giens se d\u00e9roulait sur place, un adolescent a \u00e9t\u00e9 pris \u00e0 partie par d&rsquo;autres mineurs. Un groupe de plusieurs individus l&rsquo;a attaqu\u00e9 pour lui voler son t\u00e9l\u00e9phone portable. Mais la victime ne s&rsquo;est pas laiss\u00e9e faire et est parvenue \u00e0 conserver son bien.<\/p>\n<p>La police est arriv\u00e9e sur place et a interpell\u00e9 cinq suspects. Trois d&rsquo;entre eux ont \u00e9t\u00e9 rapidement rel\u00e2ch\u00e9s, tandis que deux adolescents de 15 et 17 ans ont \u00e9t\u00e9 pr\u00e9sent\u00e9s au parquet de Lyon. Ils seront prochainement pr\u00e9sent\u00e9s \u00e0 la justice pour les faits de tentative de vol avec violences.\u00a0<\/p>\n","protected":false},"excerpt":{"rendered":"Le parc de Parilly \u00e0 V\u00e9nissieux a \u00e9t\u00e9 le th\u00e9\u00e2tre d&rsquo;une agression ce mercredi apr\u00e8s-midi. Alors qu&rsquo;une course&hellip;\n","protected":false},"author":2,"featured_media":440458,"comment_status":"","ping_status":"","sticky":false,"template":"","format":"standard","meta":{"footnotes":""},"categories":[1889],"tags":[1111,11,2813,2190,2430,1109,251,1112,2811,1777,674,118,1011,27,1922,1110,1114,2428,2810,12,241,316,25,2812,517,800],"class_list":{"0":"post-440457","1":"post","2":"type-post","3":"status-publish","4":"format-standard","5":"has-post-thumbnail","7":"category-lyon","8":"tag-actu","9":"tag-actualites","10":"tag-article","11":"tag-asvel","12":"tag-auvergne-rhone-alpes","13":"tag-breves","14":"tag-culture","15":"tag-depeches","16":"tag-economique","17":"tag-eu","18":"tag-europe","19":"tag-faits-divers","20":"tag-fr","21":"tag-france","22":"tag-info","23":"tag-informations","24":"tag-infos","25":"tag-lyon","26":"tag-lyonmag","27":"tag-news","28":"tag-ol","29":"tag-politique","30":"tag-republique-francaise","31":"tag-sociale","32":"tag-sport","33":"tag-transports"},"share_on_mastodon":{"url":"https:\/\/pubeurope.com\/@fr\/115320839560149717","error":""},"_links":{"self":[{"href":"https:\/\/www.europesays.com\/fr\/wp-json\/wp\/v2\/posts\/440457","targetHints":{"allow":["GET"]}}],"collection":[{"href":"https:\/\/www.europesays.com\/fr\/wp-json\/wp\/v2\/posts"}],"about":[{"href":"https:\/\/www.europesays.com\/fr\/wp-json\/wp\/v2\/types\/post"}],"author":[{"embeddable":true,"href":"https:\/\/www.europesays.com\/fr\/wp-json\/wp\/v2\/users\/2"}],"replies":[{"embeddable":true,"href":"https:\/\/www.europesays.com\/fr\/wp-json\/wp\/v2\/comments?post=440457"}],"version-history":[{"count":0,"href":"https:\/\/www.europesays.com\/fr\/wp-json\/wp\/v2\/posts\/440457\/revisions"}],"wp:featuredmedia":[{"embeddable":true,"href":"https:\/\/www.europesays.com\/fr\/wp-json\/wp\/v2\/media\/440458"}],"wp:attachment":[{"href":"https:\/\/www.europesays.com\/fr\/wp-json\/wp\/v2\/media?parent=440457"}],"wp:term":[{"taxonomy":"category","embeddable":true,"href":"https:\/\/www.europesays.com\/fr\/wp-json\/wp\/v2\/categories?post=440457"},{"taxonomy":"post_tag","embeddable":true,"href":"https:\/\/www.europesays.com\/fr\/wp-json\/wp\/v2\/tags?post=440457"}],"curies":[{"name":"wp","href":"https:\/\/api.w.org\/{rel}","templated":true}]}}