{"id":440461,"date":"2025-10-05T09:26:26","date_gmt":"2025-10-05T09:26:26","guid":{"rendered":"https:\/\/www.europesays.com\/fr\/440461\/"},"modified":"2025-10-05T09:26:26","modified_gmt":"2025-10-05T09:26:26","slug":"un-emploi-salarie-de-province-sur-cinq-depend-dun-centre-de-decision-francilien-2","status":"publish","type":"post","link":"https:\/\/www.europesays.com\/fr\/440461\/","title":{"rendered":"Un emploi salari\u00e9 de province sur cinq d\u00e9pend d\u2019un centre de d\u00e9cision francilien"},"content":{"rendered":"<p> Publi\u00e9 le\u00a027 f\u00e9vrier 2025par\u00a0<a href=\"\"\/><\/p>\n<p>Guillaume Ducable, JGPmedia pour Localtis<\/p>\n<p>\n  Emploi\n          <\/p>\n<p class=\"text-align-justify\">\u00ab\u00a0L\u2019\u00cele-de-France joue un r\u00f4le majeur dans l\u2019\u00e9conomie de toute la France.\u00a0\u00bb Jusque-l\u00e0, rien de tr\u00e8s surprenant. Sa contribution au PIB national (30%) en atteste, tout autant que le nombre \u00e9lev\u00e9 de centres de d\u00e9cisions d\u2019entreprises ayant des \u00e9tablissements un peu partout en France. Fort de ce constat, l\u2019Insee s\u2019est pench\u00e9 sur les liens entre ces centres de d\u00e9cisions et les emplois dans les territoires et a constat\u00e9 qu\u2019en 2022, 5 millions d\u2019emplois d\u00e9pendaient d\u2019entreprises situ\u00e9es en \u00cele-de-France. Parmi ces emplois, 2,3 millions ne sont pas localis\u00e9s en Ile-de-France, ce qui repr\u00e9sente un \u00ab\u00a0taux de contr\u00f4le\u00a0\u00bb de 44,7%, le plus \u00e9lev\u00e9 de toutes les r\u00e9gions fran\u00e7aises. L\u2019Insee souligne \u00e0 ce titre que ce taux est m\u00eame deux fois sup\u00e9rieur \u00e0 celui calcul\u00e9 pour les emplois dont les centres de d\u00e9cisions sont situ\u00e9s en Bretagne (24,1%), dans les Hauts-de-France (23,6%) ou encore en r\u00e9gion Paca (22,8%). Trois r\u00e9gions \u00e9galement consid\u00e9r\u00e9es comme des locomotives \u00e9conomiques hexagonales.\u00a0<\/p>\n<p class=\"text-align-justify\">Ces 2,3 millions d&#8217;emplois non localis\u00e9s en \u00cele-de-France repr\u00e9sentent par ailleurs 21% des 10,8 millions d\u2019emplois salari\u00e9s dans les entreprises de toutes les r\u00e9gions de province. En clair, un emploi salari\u00e9 de province sur cinq d\u00e9pend d\u2019un centre de d\u00e9cision francilien, r\u00e9sume l&rsquo;Insee.\u00a0<\/p>\n<p>Un taux de d\u00e9pendance qui varie en fonction de l\u2019\u00e9loignement g\u00e9ographique vis-\u00e0-vis de la capitale<\/p>\n<p class=\"text-align-justify\">Au total, 60% de ces 2,3 millions d\u2019emplois de province d\u00e9pendant d\u2019un centre de d\u00e9cisions francilien sont concentr\u00e9s dans cinq r\u00e9gions\u00a0: Auvergne-Rh\u00f4ne-Alpes, Nouvelle-Aquitaine, Occitanie, Hauts-de-France ou encore Paca. Dans le d\u00e9tail, en Auvergne-Rh\u00f4ne-Alpes, ce sont pr\u00e8s de 400.000 emplois salari\u00e9s r\u00e9gionaux qui d\u00e9pendent de centres de d\u00e9cisions franciliens. La moyenne des quatre autres r\u00e9gions cit\u00e9es oscillant entre 210.000 et 250.000 emplois. A contrario, les r\u00e9gions les moins \u00ab\u00a0d\u00e9pendantes\u00a0\u00bb en volume d\u2019emploi sont le Centre-Val de Loire (133.000 emplois), la Bourgogne-Franche-Comt\u00e9 (moins de 100.000) et la Corse (7.000). D\u2019une mani\u00e8re g\u00e9n\u00e9rale, le taux de d\u00e9pendance varie selon les r\u00e9gions le plus souvent en lien avec l\u2019\u00e9loignement g\u00e9ographique vis-\u00e0-vis de la capitale\u00a0: il est par exemple beaucoup plus \u00e9lev\u00e9 pour les r\u00e9gions du Bassin parisien telles que la r\u00e9gion Centre-Val de Loire (28%) ou la Normandie (25%). \u00c0 l\u2019inverse, il ne d\u00e9passe pas 13% pour les territoires des Antilles et 11% pour la R\u00e9union. Seule exception qui confirme la r\u00e8gle, la Guyane affiche un taux d\u2019emplois d\u00e9pendants de la r\u00e9gion francilienne de l\u2019ordre de 18%, fortement port\u00e9 par l\u2019industrie du spatial.<\/p>\n<p class=\"text-align-justify\">Quels sont, dans ces conditions, les emplois les plus impact\u00e9s par ce ph\u00e9nom\u00e8ne\u00a0? Sur 2,3 millions d\u2019emplois concern\u00e9s, un tiers rel\u00e8ve des activit\u00e9s du commerce, du transport et de l\u2019entreposage ou encore de l\u2019h\u00e9bergement-restauration. L\u2019\u00cele-de-France abrite \u00e9galement de nombreux si\u00e8ges sociaux de grandes banques, d\u2019entreprises du num\u00e9rique ou encore de cabinets d\u2019audit, souligne l\u2019Insee. Quant \u00e0 l\u2019industrie, 28% des emplois localis\u00e9s en province d\u00e9pendent de la r\u00e9gion capitale, alors m\u00eame qu\u2019en \u00cele-de-France, l\u2019industrie ne contribue qu\u2019\u00e0 10% des emplois salari\u00e9s. Les acteurs de l\u2019\u00e9nergie repr\u00e9sentent 8,4% de l\u2019ensemble de ces emplois \u00ab\u00a0d\u00e9pendants\u00a0\u00bb, un chiffre proche de celui du secteur de la construction (8,7%) dont beaucoup de centres de d\u00e9cisions sont localis\u00e9s en \u00cele-de-France.<\/p>\n","protected":false},"excerpt":{"rendered":"Publi\u00e9 le\u00a027 f\u00e9vrier 2025par\u00a0 Guillaume Ducable, JGPmedia pour Localtis Emploi \u00ab\u00a0L\u2019\u00cele-de-France joue un r\u00f4le majeur dans l\u2019\u00e9conomie de&hellip;\n","protected":false},"author":2,"featured_media":229637,"comment_status":"","ping_status":"","sticky":false,"template":"","format":"standard","meta":{"footnotes":""},"categories":[1592],"tags":[1111,11,1777,674,1011,27,662,12,626,25],"class_list":{"0":"post-440461","1":"post","2":"type-post","3":"status-publish","4":"format-standard","5":"has-post-thumbnail","7":"category-ile-de-france","8":"tag-actu","9":"tag-actualites","10":"tag-eu","11":"tag-europe","12":"tag-fr","13":"tag-france","14":"tag-ile-de-france","15":"tag-news","16":"tag-paris","17":"tag-republique-francaise"},"share_on_mastodon":{"url":"https:\/\/pubeurope.com\/@fr\/115320847244258155","error":""},"_links":{"self":[{"href":"https:\/\/www.europesays.com\/fr\/wp-json\/wp\/v2\/posts\/440461","targetHints":{"allow":["GET"]}}],"collection":[{"href":"https:\/\/www.europesays.com\/fr\/wp-json\/wp\/v2\/posts"}],"about":[{"href":"https:\/\/www.europesays.com\/fr\/wp-json\/wp\/v2\/types\/post"}],"author":[{"embeddable":true,"href":"https:\/\/www.europesays.com\/fr\/wp-json\/wp\/v2\/users\/2"}],"replies":[{"embeddable":true,"href":"https:\/\/www.europesays.com\/fr\/wp-json\/wp\/v2\/comments?post=440461"}],"version-history":[{"count":0,"href":"https:\/\/www.europesays.com\/fr\/wp-json\/wp\/v2\/posts\/440461\/revisions"}],"wp:featuredmedia":[{"embeddable":true,"href":"https:\/\/www.europesays.com\/fr\/wp-json\/wp\/v2\/media\/229637"}],"wp:attachment":[{"href":"https:\/\/www.europesays.com\/fr\/wp-json\/wp\/v2\/media?parent=440461"}],"wp:term":[{"taxonomy":"category","embeddable":true,"href":"https:\/\/www.europesays.com\/fr\/wp-json\/wp\/v2\/categories?post=440461"},{"taxonomy":"post_tag","embeddable":true,"href":"https:\/\/www.europesays.com\/fr\/wp-json\/wp\/v2\/tags?post=440461"}],"curies":[{"name":"wp","href":"https:\/\/api.w.org\/{rel}","templated":true}]}}