{"id":440464,"date":"2025-10-05T09:31:14","date_gmt":"2025-10-05T09:31:14","guid":{"rendered":"https:\/\/www.europesays.com\/fr\/440464\/"},"modified":"2025-10-05T09:31:14","modified_gmt":"2025-10-05T09:31:14","slug":"les-negociateurs-attendus-au-caire-pour-discuter-du-plan-propose-par-donald-trump","status":"publish","type":"post","link":"https:\/\/www.europesays.com\/fr\/440464\/","title":{"rendered":"les n\u00e9gociateurs attendus au Caire pour discuter du plan propos\u00e9 par Donald Trump"},"content":{"rendered":"<p>Vers un cessez-le-feu \u00e0 Gaza\u00a0? Des n\u00e9gociateurs d&rsquo;Isra\u00ebl et du Hamas sont attendus au Caire, dimanche 5 octobre, pour des discussions indirectes sur <a href=\"https:\/\/www.franceinfo.fr\/monde\/proche-orient\/israel-palestine\/reponse-du-hamas-retrait-militaire-israelien-gouvernance-pourquoi-le-plan-de-paix-de-donald-trump-a-gaza-reste-fragile_7522882.html\" rel=\"nofollow noopener\" target=\"_blank\">le plan de Donald Trump<\/a>. Benyamin N\u00e9tanyahou a annonc\u00e9 samedi avoir demand\u00e9 \u00e0 ses repr\u00e9sentants de se rendre en Egypte, l&rsquo;un des m\u00e9diateurs avec les Etats-Unis et le Qatar, pour \u00ab\u00a0finaliser les d\u00e9tails techniques\u00a0\u00bb de <a href=\"https:\/\/www.franceinfo.fr\/monde\/proche-orient\/israel-palestine\/guerre-dans-la-bande-de-gaza-le-hamas-se-dit-pret-a-liberer-les-otages-dans-le-cadre-du-plan-de-paix-de-donald-trump-sous-reserve-que-les-conditions-soient-reunies-sur-le-terrain_7530067.html\" rel=\"nofollow noopener\" target=\"_blank\">la lib\u00e9ration des otages par le groupe islamiste palestinien<\/a>. Le m\u00e9dia Al-Qahera News, li\u00e9 aux services de renseignements \u00e9gyptiens, a rapport\u00e9 que le Hamas serait pr\u00e9sent. L&rsquo;\u00e9missaire am\u00e9ricain Steve Witkoff et le gendre de Donald Trump, Jared Kushner, sont \u00e9galement attendus. Suivez notre direct.<\/p>\n<p class=\"c-body__bullet\"> <strong>Isra\u00ebl esp\u00e8re un retour des otages \u00ab\u00a0dans les prochains jours\u00a0\u00bb.<\/strong> Dans un discours t\u00e9l\u00e9vis\u00e9, samedi, Benyamin N\u00e9tanyahou a promis que le d\u00e9sarmement du Hamas se produirait \u00ab\u00a0soit diplomatiquement par le plan de Trump, soit militairement par nous\u00a0\u00bb. Le Premier ministre isra\u00e9lien a aussi dit esp\u00e9rer que tous les otages retenus dans la bande de Gaza seraient ramen\u00e9s chez eux dans \u00ab\u00a0les prochains jours\u00a0\u00bb.<\/p>\n<p class=\"c-body__bullet\"> <strong>Donald Trump maintient la pression sur le Hamas.<\/strong> Le pr\u00e9sident am\u00e9ricain a press\u00e9 le Hamas, samedi, d&rsquo;agir \u00ab\u00a0vite\u00a0\u00bb\u00a0pour concr\u00e9tiser son plan de paix. \u00ab\u00a0Je ne tol\u00e8rerai aucun retard\u00a0\u00bb, a ajout\u00e9 Donald Trump, dont la proposition pr\u00e9voit un cessez-le-feu, la lib\u00e9ration dans les 72 heures des otages, le retrait par \u00e9tapes de l&rsquo;arm\u00e9e isra\u00e9lienne de Gaza, le d\u00e9sarmement du Hamas et l&rsquo;exil de ses combattants. Dans un message publi\u00e9 sur son r\u00e9seau Truth Social, il a aussi pr\u00e9venu qu&rsquo;il n&rsquo;accepterait pas d'\u00a0\u00bbissue o\u00f9 Gaza constituerait de nouveau une menace\u00a0\u00bb.\u00a0<\/p>\n<p class=\"c-body__bullet\"> <strong>Des manifestations en Europe.<\/strong> Quelque 250\u00a0000 personnes ont particip\u00e9 samedi apr\u00e8s-midi \u00e0 un rassemblement en soutien aux Palestiniens \u00e0 Rome, pour r\u00e9clamer la fin des bombardements isra\u00e9liens \u00e0 Gaza, selon la pr\u00e9fecture de police italienne. Les organisateurs ont \u00e9voqu\u00e9 le chiffre d&rsquo;un million de participants \u00e0 cette manifestation nationale, au quatri\u00e8me jour d&rsquo;une<a href=\"https:\/\/www.franceinfo.fr\/monde\/palestine\/gaza\/flottille-d-aide-pour-gaza-des-milliers-de-manifestants-ont-defile-dans-plusieurs-villes-de-france-et-en-europe_7528084.html\" rel=\"nofollow noopener\" target=\"_blank\"> importante mobilisation apr\u00e8s l&rsquo;interception de la flottille internationale<\/a>. Des dizaines de milliers de personnes ont \u00e9galement d\u00e9fil\u00e9 \u00e0 Barcelone et Madrid, en Espagne, et un millier s&rsquo;est rassembl\u00e9 \u00e0 Londres, malgr\u00e9 les appels du gouvernement \u00e0 s&rsquo;en abstenir par solidarit\u00e9 avec la communaut\u00e9 juive, apr\u00e8s <a href=\"https:\/\/www.franceinfo.fr\/monde\/royaume-uni\/au-moins-quatre-personnes-blessees-devant-une-synagogue-de-manchester-au-royaume-uni_7527349.html\" rel=\"nofollow noopener\" target=\"_blank\">une attaque jeudi \u00e0 Manchester devant une synagogue<\/a>.<\/p>\n","protected":false},"excerpt":{"rendered":"Vers un cessez-le-feu \u00e0 Gaza\u00a0? Des n\u00e9gociateurs d&rsquo;Isra\u00ebl et du Hamas sont attendus au Caire, dimanche 5 octobre,&hellip;\n","protected":false},"author":2,"featured_media":440465,"comment_status":"","ping_status":"","sticky":false,"template":"","format":"standard","meta":{"footnotes":""},"categories":[1888],"tags":[1111,1928,11,1927,1777,674,1011,27,12,1926,626,1925,25],"class_list":{"0":"post-440464","1":"post","2":"type-post","3":"status-publish","4":"format-standard","5":"has-post-thumbnail","7":"category-paris","8":"tag-actu","9":"tag-actu-paris","10":"tag-actualites","11":"tag-actualites-paris","12":"tag-eu","13":"tag-europe","14":"tag-fr","15":"tag-france","16":"tag-news","17":"tag-news-paris","18":"tag-paris","19":"tag-paris-news","20":"tag-republique-francaise"},"share_on_mastodon":{"url":"https:\/\/pubeurope.com\/@fr\/115320867329377045","error":""},"_links":{"self":[{"href":"https:\/\/www.europesays.com\/fr\/wp-json\/wp\/v2\/posts\/440464","targetHints":{"allow":["GET"]}}],"collection":[{"href":"https:\/\/www.europesays.com\/fr\/wp-json\/wp\/v2\/posts"}],"about":[{"href":"https:\/\/www.europesays.com\/fr\/wp-json\/wp\/v2\/types\/post"}],"author":[{"embeddable":true,"href":"https:\/\/www.europesays.com\/fr\/wp-json\/wp\/v2\/users\/2"}],"replies":[{"embeddable":true,"href":"https:\/\/www.europesays.com\/fr\/wp-json\/wp\/v2\/comments?post=440464"}],"version-history":[{"count":0,"href":"https:\/\/www.europesays.com\/fr\/wp-json\/wp\/v2\/posts\/440464\/revisions"}],"wp:featuredmedia":[{"embeddable":true,"href":"https:\/\/www.europesays.com\/fr\/wp-json\/wp\/v2\/media\/440465"}],"wp:attachment":[{"href":"https:\/\/www.europesays.com\/fr\/wp-json\/wp\/v2\/media?parent=440464"}],"wp:term":[{"taxonomy":"category","embeddable":true,"href":"https:\/\/www.europesays.com\/fr\/wp-json\/wp\/v2\/categories?post=440464"},{"taxonomy":"post_tag","embeddable":true,"href":"https:\/\/www.europesays.com\/fr\/wp-json\/wp\/v2\/tags?post=440464"}],"curies":[{"name":"wp","href":"https:\/\/api.w.org\/{rel}","templated":true}]}}