{"id":440466,"date":"2025-10-05T09:32:10","date_gmt":"2025-10-05T09:32:10","guid":{"rendered":"https:\/\/www.europesays.com\/fr\/440466\/"},"modified":"2025-10-05T09:32:10","modified_gmt":"2025-10-05T09:32:10","slug":"francois-hollande-pourrit-la-vie-des-habitants-du-20e-arrondissement-malgre-lui","status":"publish","type":"post","link":"https:\/\/www.europesays.com\/fr\/440466\/","title":{"rendered":"Fran\u00e7ois Hollande pourrit la vie des habitants du 20e arrondissement\u2026 malgr\u00e9 lui"},"content":{"rendered":"<p class=\"mb-4 text-lg md:leading-8 break-words\"><strong>nuisances sonores &#8211; Les habitants du quartier o\u00f9 r\u00e9side l\u2019ancien pr\u00e9sident sont exasp\u00e9r\u00e9s par le bruit permanent du v\u00e9hicule des policiers charg\u00e9s de sa protection<\/strong><\/p>\n<p class=\"mb-4 text-lg md:leading-8 break-words\">\u00catre emb\u00eat\u00e9 par les <a href=\"https:\/\/www.20minutes.fr\/dossier\/nuisances_sonores?at_medium=RSS%20feed&amp;at_campaign=ynews&amp;utm_source=yahoo&amp;utm_medium=rss&amp;utm_campaign=news_feed&amp;utm_content=in_article_link\" rel=\"nofollow noopener\" target=\"_blank\" data-ylk=\"slk:nuisances sonores;elm:context_link;itc:0;sec:content-canvas\" class=\"link \">nuisances sonores<\/a> de ses voisins, c\u2019est plut\u00f4t commun. Ce qui est moins banal, c\u2019est lorsque ce voisin s\u2019appelle <a href=\"https:\/\/www.20minutes.fr\/politique\/francois-hollande\/?at_medium=RSS%20feed&amp;at_campaign=ynews&amp;utm_source=yahoo&amp;utm_medium=rss&amp;utm_campaign=news_feed&amp;utm_content=in_article_link\" rel=\"nofollow noopener\" target=\"_blank\" data-ylk=\"slk:Fran\u00e7ois Hollande;elm:context_link;itc:0;sec:content-canvas\" class=\"link \">Fran\u00e7ois Hollande<\/a> et a \u00e9t\u00e9 pr\u00e9sident de la <a href=\"https:\/\/www.20minutes.fr\/dossier\/republique?at_medium=RSS%20feed&amp;at_campaign=ynews&amp;utm_source=yahoo&amp;utm_medium=rss&amp;utm_campaign=news_feed&amp;utm_content=in_article_link\" rel=\"nofollow noopener\" target=\"_blank\" data-ylk=\"slk:R\u00e9publique;elm:context_link;itc:0;sec:content-canvas\" class=\"link \">R\u00e9publique<\/a>. C\u2019est la situation \u00e0 laquelle sont confront\u00e9s les habitants de la Campagne \u00e0 <a href=\"https:\/\/www.20minutes.fr\/paris\/?at_medium=RSS%20feed&amp;at_campaign=ynews&amp;utm_source=yahoo&amp;utm_medium=rss&amp;utm_campaign=news_feed&amp;utm_content=in_article_link\" rel=\"nofollow noopener\" target=\"_blank\" data-ylk=\"slk:Paris;elm:context_link;itc:0;sec:content-canvas\" class=\"link \">Paris<\/a>, dans le 20e\u00a0arrondissement, =\u00a0\u00bbhttps:\/\/www.lecanardenchaine.fr\/politique\/52024-francois-hollande-fait-beaucoup-de-bruit-pour-rien?at_medium=RSS%20feed&amp;at_campaign=ynews&amp;utm_source=yahoo&amp;utm_medium=rss&amp;utm_campaign=news_feed&amp;utm_content=in_article_link\u00a0\u00bb&gt;r\u00e9v\u00e8le Le Canard encha\u00een\u00e9.<\/p>\n<p class=\"mb-4 text-lg md:leading-8 break-words\">Depuis que l\u2019ex-chef de l\u2019Etat et sa compagne <a href=\"https:\/\/www.20minutes.fr\/dossier\/julie_gayet?at_medium=RSS%20feed&amp;at_campaign=ynews&amp;utm_source=yahoo&amp;utm_medium=rss&amp;utm_campaign=news_feed&amp;utm_content=in_article_link\" rel=\"nofollow noopener\" target=\"_blank\" data-ylk=\"slk:Julie Gayet;elm:context_link;itc:0;sec:content-canvas\" class=\"link \">Julie Gayet<\/a> ont emm\u00e9nag\u00e9 dans ce quartier tranquille en\u00a02023, les riverains se plaignent du bruit incessant du v\u00e9hicule de <a href=\"https:\/\/www.20minutes.fr\/dossier\/police?at_medium=RSS%20feed&amp;at_campaign=ynews&amp;utm_source=yahoo&amp;utm_medium=rss&amp;utm_campaign=news_feed&amp;utm_content=in_article_link\" rel=\"nofollow noopener\" target=\"_blank\" data-ylk=\"slk:police;elm:context_link;itc:0;sec:content-canvas\" class=\"link \">police<\/a> post\u00e9 vingt-quatre heures sur vingt-quatre devant le domicile du couple. Une riveraine, interrog\u00e9e par le journal satirique, indique que le moteur tourne en permanence, \u00ab\u00a0l\u2019\u00e9t\u00e9, et m\u00eame en septembre, pour avoir la clim, en laissant parfois les vitres ouvertes, et l\u2019hiver pour le chauffage\u00a0\u00bb.<\/p>\n<p class=\"mb-4 text-lg md:leading-8 break-words\">Mis au courant de ces nuisances, Fran\u00e7ois Hollande aurait demand\u00e9 aux policiers de ne plus stationner devant chez lui, ce qui a \u00e9t\u00e9 refus\u00e9, d\u2019apr\u00e8s Le Canard. Raisons de <a href=\"https:\/\/www.20minutes.fr\/societe\/securite\/?at_medium=RSS%20feed&amp;at_campaign=ynews&amp;utm_source=yahoo&amp;utm_medium=rss&amp;utm_campaign=news_feed&amp;utm_content=in_article_link\" rel=\"nofollow noopener\" target=\"_blank\" data-ylk=\"slk:s\u00e9curit\u00e9;elm:context_link;itc:0;sec:content-canvas\" class=\"link \">s\u00e9curit\u00e9<\/a>, on imagine.<\/p>\n<p class=\"mb-4 text-lg md:leading-8 break-words\"><a href=\"https:\/\/www.20minutes.fr\/paris\/4177176-20251005-paris-francois-hollande-pourrit-vie-habitants-20e-arrondissement-malgre?at_medium=RSS%20feed&amp;at_campaign=ynews&amp;utm_source=yahoo&amp;utm_medium=rss&amp;utm_campaign=news_feed&amp;utm_content=read_more_link&quot;\" rel=\"nofollow noopener\" target=\"_blank\" data-ylk=\"slk:Lire la suite sur 20minutes;elm:context_link;itc:0;sec:content-canvas\" class=\"link \">Lire la suite sur 20minutes<\/a><\/p>\n<p>\u00c0 lire aussi :<br \/><a href=\"https:\/\/www.20minutes.fr\/people\/2150663-20171013-francois-hollande-ancien-president-installe-julie-gayet-xxe-arrondissement-paris?at_medium=RSS%20feed&amp;at_campaign=ynews&amp;utm_source=yahoo&amp;utm_medium=rss&amp;utm_campaign=news_feed&amp;utm_content=related_content_link\" rel=\"nofollow noopener\" target=\"_blank\" data-ylk=\"slk:Fran\u00e7ois Hollande: L\u2019ancien pr\u00e9sident s\u2019installe avec Julie Gayet dans le XXe arrondissement de Paris;elm:context_link;itc:0;sec:content-canvas\" class=\"link \">Fran\u00e7ois Hollande: L\u2019ancien pr\u00e9sident s\u2019installe avec Julie Gayet dans le XXe arrondissement de Paris<\/a><br \/><a href=\"https:\/\/www.20minutes.fr\/politique\/4026045-20230305-francois-hollande-ex-president-devenu-personnage-theatre-tragicomique-malgre?at_medium=RSS%20feed&amp;at_campaign=ynews&amp;utm_source=yahoo&amp;utm_medium=rss&amp;utm_campaign=news_feed&amp;utm_content=related_content_link\" rel=\"nofollow noopener\" target=\"_blank\" data-ylk=\"slk:Fran\u00e7ois Hollande, l&#039;ex-pr\u00e9sident devenu personnage de th\u00e9\u00e2tre tragicomique malgr\u00e9 lui;elm:context_link;itc:0;sec:content-canvas\" class=\"link \">Fran\u00e7ois Hollande, l&rsquo;ex-pr\u00e9sident devenu personnage de th\u00e9\u00e2tre tragicomique malgr\u00e9 lui<\/a><\/p>\n","protected":false},"excerpt":{"rendered":"nuisances sonores &#8211; Les habitants du quartier o\u00f9 r\u00e9side l\u2019ancien pr\u00e9sident sont exasp\u00e9r\u00e9s par le bruit permanent du&hellip;\n","protected":false},"author":2,"featured_media":440467,"comment_status":"","ping_status":"","sticky":false,"template":"","format":"standard","meta":{"footnotes":""},"categories":[1888],"tags":[35498,1111,1928,11,1927,1777,674,1011,27,3082,54186,56735,12,1926,2901,626,1925,25],"class_list":{"0":"post-440466","1":"post","2":"type-post","3":"status-publish","4":"format-standard","5":"has-post-thumbnail","7":"category-paris","8":"tag-20e-arrondissement","9":"tag-actu","10":"tag-actu-paris","11":"tag-actualites","12":"tag-actualites-paris","13":"tag-eu","14":"tag-europe","15":"tag-fr","16":"tag-france","17":"tag-francois-hollande","18":"tag-julie-gayet","19":"tag-le-canard","20":"tag-news","21":"tag-news-paris","22":"tag-nuisances-sonores","23":"tag-paris","24":"tag-paris-news","25":"tag-republique-francaise"},"share_on_mastodon":{"url":"https:\/\/pubeurope.com\/@fr\/115320870923750206","error":""},"_links":{"self":[{"href":"https:\/\/www.europesays.com\/fr\/wp-json\/wp\/v2\/posts\/440466","targetHints":{"allow":["GET"]}}],"collection":[{"href":"https:\/\/www.europesays.com\/fr\/wp-json\/wp\/v2\/posts"}],"about":[{"href":"https:\/\/www.europesays.com\/fr\/wp-json\/wp\/v2\/types\/post"}],"author":[{"embeddable":true,"href":"https:\/\/www.europesays.com\/fr\/wp-json\/wp\/v2\/users\/2"}],"replies":[{"embeddable":true,"href":"https:\/\/www.europesays.com\/fr\/wp-json\/wp\/v2\/comments?post=440466"}],"version-history":[{"count":0,"href":"https:\/\/www.europesays.com\/fr\/wp-json\/wp\/v2\/posts\/440466\/revisions"}],"wp:featuredmedia":[{"embeddable":true,"href":"https:\/\/www.europesays.com\/fr\/wp-json\/wp\/v2\/media\/440467"}],"wp:attachment":[{"href":"https:\/\/www.europesays.com\/fr\/wp-json\/wp\/v2\/media?parent=440466"}],"wp:term":[{"taxonomy":"category","embeddable":true,"href":"https:\/\/www.europesays.com\/fr\/wp-json\/wp\/v2\/categories?post=440466"},{"taxonomy":"post_tag","embeddable":true,"href":"https:\/\/www.europesays.com\/fr\/wp-json\/wp\/v2\/tags?post=440466"}],"curies":[{"name":"wp","href":"https:\/\/api.w.org\/{rel}","templated":true}]}}