{"id":440470,"date":"2025-10-05T09:34:11","date_gmt":"2025-10-05T09:34:11","guid":{"rendered":"https:\/\/www.europesays.com\/fr\/440470\/"},"modified":"2025-10-05T09:34:11","modified_gmt":"2025-10-05T09:34:11","slug":"comment-la-maire-du-8e-arrondissement-de-paris-justifie-ses-36-000-euros-de-notes-de-frais","status":"publish","type":"post","link":"https:\/\/www.europesays.com\/fr\/440470\/","title":{"rendered":"comment la maire du 8e arrondissement de Paris justifie ses 36 000 euros de notes de frais"},"content":{"rendered":"<p>            Par<br \/>\n        <strong><br \/>\n            <a href=\"https:\/\/actu.fr\/auteur\/redaction-paris\" title=\"Consulter tous les articles de R\u00e9daction Paris\" target=\"_blank\" rel=\"noopener\">R\u00e9daction Paris<\/a><br \/>\n        <\/strong><\/p>\n<p>        Publi\u00e9 le<\/p>\n<p>            5 oct. 2025 \u00e0 11h11        <\/p>\n<p>Un go\u00fbt pour les v\u00eatements <strong>chics<\/strong>, mais pas de choc. Alors que les <strong>frais de repr\u00e9sentation<\/strong> de la maire de Paris, <a href=\"https:\/\/actu.fr\/tag\/anne-hidalgo\" target=\"_blank\" rel=\"noopener\">Anne Hidalgo<\/a> (PS), et des maires d\u2019arrondissement, sont diss\u00e9qu\u00e9s depuis les r\u00e9v\u00e9lations de Lib\u00e9ration et de <a href=\"https:\/\/www.mediapart.fr\/journal\/france\/160925\/notes-de-frais-anne-hidalgo-toujours-fachee-avec-la-transparence\" target=\"_blank\" rel=\"noopener\">Mediapart<\/a> puis leur <a href=\"https:\/\/presse.paris.fr\/press_releases\/10324\" target=\"_blank\" rel=\"noopener\">publication<\/a> par la <a href=\"https:\/\/actu.fr\/tag\/mairie-de-paris\" target=\"_blank\" rel=\"noopener\">mairie de Paris<\/a>, une \u00e9dile a choisi de battre campagne sur les plateaux t\u00e9l\u00e9vis\u00e9s afin de <strong>justifier ses notes de frais<\/strong>. Il s\u2019agit de la maire du 8e arrondissement, <a href=\"https:\/\/actu.fr\/ile-de-france\/paris_75056\/il-y-a-urgence-a-paris-la-maire-du-8e-veut-faire-inscrire-le-protoxyde-d-azote-dans-la-liste-des-drogues_62047984.html\" target=\"_blank\" rel=\"noopener\">Jeanne d\u2019Hauteserre<\/a> (LR), \u00e9lue en 2014, puis r\u00e9\u00e9lue six ans plus tard.<\/p>\n<p>Une enveloppe de 998\u00a0euros par mois<\/p>\n<p class=\" wall-content\">Invit\u00e9e de <a href=\"https:\/\/www.bfmtv.com\/politique\/video-notes-de-frais-jeanne-d-hauteserre-maire-du-8e-arrondissement-de-paris-detaille-ses-depenses_VN-202510040299.html\" target=\"_blank\" rel=\"noopener\">BFMTV<\/a>, samedi 4\u00a0octobre, l\u2019\u00e9lue de droite, \u00e2g\u00e9e de 72\u00a0ans, a admis utilis\u00e9 avoir factur\u00e9 une large part de ses 35\u2009779,65\u00a0euros de notes de frais en v\u00eatements, comme l\u2019annon\u00e7ait <a href=\"https:\/\/www.liberation.fr\/politique\/35-779-euros-de-notes-de-frais-en-cinq-ans-jeanne-dhauteserre-une-elue-lr-de-paris-sapee-comme-jamais-20251003_IQLRYLGZ35GETDGSAGNFHPYEEQ\/\" target=\"_blank\" rel=\"noopener\">Lib\u00e9ration<\/a>. Pour elle, ce choix commande aux caract\u00e9ristiques de son territoire. \u00ab\u2009Je suis maire du 8e arrondissement, ce n\u2019est pas anodin\u2009\u00bb, a-t-elle rappel\u00e9, avant de confesser \u00ab\u2009pr\u00e9f\u00e9r\u00e9 (s)\u2019acheter des fringues pour \u00eatre bien sap\u00e9e\u2009\u00bb.<\/p>\n<p class=\" wall-content\">D\u2019apr\u00e8s le journal, les factures d\u00e9clar\u00e9es par la maire du 8e arrondissement soulignent des achats effectu\u00e9s dans des enseignes r\u00e9put\u00e9es, comme The Kooples. Mais, si la somme s\u2019av\u00e8re cons\u00e9quente, elle <strong>respecte les r\u00e8gles relatives<\/strong> aux frais de repr\u00e9sentation, qui conf\u00e8rent \u00e0 chaque \u00e9dile une enveloppe mensuelle de 998\u00a0euros.<\/p>\n<p class=\" wall-content\">Jeanne d\u2019Hauteserre a d\u00e9clar\u00e9 \u00ab\u00a0compr (endre)\u00a0\u00bb que cette r\u00e9serve puisse \u00ab\u00a0choqu (er) pour \u00ab\u00a0des personnes qui gagnent 1200 euros par mois\u00a0\u00bb. La conseill\u00e8re r\u00e9gionale d\u2019\u00cele-de-France a ainsi plaid\u00e9 pour une <strong>suppression de \u00ab\u00a0tous ces privil\u00e8ges<\/strong>\u00a0\u00bb dans une p\u00e9riode d\u2019aust\u00e9rit\u00e9 budg\u00e9taire qui affecte les m\u00e9nages.<\/p>\n<p class=\" wall-content\">La pol\u00e9mique avait jailli en septembre dernier, \u00e0 la suite de la publication des <a href=\"https:\/\/actu.fr\/ile-de-france\/paris_75056\/revelation-des-notes-de-frais-d-anne-hidalgo-la-maire-de-paris-annonce-qu-elle-va-porter-plainte_63190920.html\" target=\"_blank\" rel=\"noopener\">d\u00e9penses de mandat d\u2019Anne Hidalgo<\/a> et du maire du 18e arrondissement <a href=\"https:\/\/actu.fr\/ile-de-france\/paris_75056\/tee-shirt-pizza-au-nutella-apres-anne-hidalgo-un-maire-d-arrondissement-epingle-pour-ses-notes-de-frais_63231903.html\" target=\"_blank\" rel=\"noopener\">\u00c9ric Lejoindre<\/a> par le collectif <a href=\"https:\/\/actu.fr\/ile-de-france\/paris_75056\/epilation-integrale-taille-des-vetements-face-a-la-polemique-anne-hidalgo-denonce-des-fake-news_63191529.html\" target=\"_blank\" rel=\"noopener\">Transparence citoyenne<\/a>, soup\u00e7onn\u00e9 d\u2019\u00eatre soutenu financi\u00e8rement par le milliardaire d\u2019extr\u00eame droite Pierre-\u00c9douard St\u00e9rin.<\/p>\n<p class=\" wall-content\">Personnalisez votre actualit\u00e9 en ajoutant vos villes et m\u00e9dias en favori avec <a href=\"https:\/\/moncompte.actu.fr\" title=\"D\u00e9couvez Mon Actu\" rel=\"nofollow noopener\" data-trk=\"{&quot;cta&quot;:{&quot;action&quot;:&quot;https:\\\/\\\/moncompte.actu.fr&quot;,&quot;category&quot;:&quot;mon compte&quot;,&quot;from&quot;:&quot;article footer&quot;,&quot;name&quot;:&quot;Mon actu&quot;,&quot;type&quot;:&quot;cta&quot;}}\" target=\"_blank\">Mon Actu<\/a>.<\/p>\n","protected":false},"excerpt":{"rendered":"Par R\u00e9daction Paris Publi\u00e9 le 5 oct. 2025 \u00e0 11h11 Un go\u00fbt pour les v\u00eatements chics, mais pas&hellip;\n","protected":false},"author":2,"featured_media":440471,"comment_status":"","ping_status":"","sticky":false,"template":"","format":"standard","meta":{"footnotes":""},"categories":[1888],"tags":[11,2618,1777,674,1011,27,2381,12,626,316,25],"class_list":{"0":"post-440470","1":"post","2":"type-post","3":"status-publish","4":"format-standard","5":"has-post-thumbnail","7":"category-paris","8":"tag-actualites","9":"tag-anne-hidalgo","10":"tag-eu","11":"tag-europe","12":"tag-fr","13":"tag-france","14":"tag-mairie-de-paris","15":"tag-news","16":"tag-paris","17":"tag-politique","18":"tag-republique-francaise"},"share_on_mastodon":{"url":"https:\/\/pubeurope.com\/@fr\/115320878835913974","error":""},"_links":{"self":[{"href":"https:\/\/www.europesays.com\/fr\/wp-json\/wp\/v2\/posts\/440470","targetHints":{"allow":["GET"]}}],"collection":[{"href":"https:\/\/www.europesays.com\/fr\/wp-json\/wp\/v2\/posts"}],"about":[{"href":"https:\/\/www.europesays.com\/fr\/wp-json\/wp\/v2\/types\/post"}],"author":[{"embeddable":true,"href":"https:\/\/www.europesays.com\/fr\/wp-json\/wp\/v2\/users\/2"}],"replies":[{"embeddable":true,"href":"https:\/\/www.europesays.com\/fr\/wp-json\/wp\/v2\/comments?post=440470"}],"version-history":[{"count":0,"href":"https:\/\/www.europesays.com\/fr\/wp-json\/wp\/v2\/posts\/440470\/revisions"}],"wp:featuredmedia":[{"embeddable":true,"href":"https:\/\/www.europesays.com\/fr\/wp-json\/wp\/v2\/media\/440471"}],"wp:attachment":[{"href":"https:\/\/www.europesays.com\/fr\/wp-json\/wp\/v2\/media?parent=440470"}],"wp:term":[{"taxonomy":"category","embeddable":true,"href":"https:\/\/www.europesays.com\/fr\/wp-json\/wp\/v2\/categories?post=440470"},{"taxonomy":"post_tag","embeddable":true,"href":"https:\/\/www.europesays.com\/fr\/wp-json\/wp\/v2\/tags?post=440470"}],"curies":[{"name":"wp","href":"https:\/\/api.w.org\/{rel}","templated":true}]}}