{"id":440480,"date":"2025-10-05T09:39:10","date_gmt":"2025-10-05T09:39:10","guid":{"rendered":"https:\/\/www.europesays.com\/fr\/440480\/"},"modified":"2025-10-05T09:39:10","modified_gmt":"2025-10-05T09:39:10","slug":"volley-les-bleus-retrouvent-la-turquie-et-lallemagne-au-premier-tour-de-leuro-2026-sport","status":"publish","type":"post","link":"https:\/\/www.europesays.com\/fr\/440480\/","title":{"rendered":"Volley. Les Bleus retrouvent la Turquie et l\u2019Allemagne au premier tour de l\u2019Euro 2026 . Sport"},"content":{"rendered":"<p>Quelques semaines apr\u00e8s la fin des Mondiaux de volley, chez les hommes et chez les femmes, les s\u00e9lections nationales peuvent d\u00e9j\u00e0 se plonger dans les nouveaux objectifs. Ce samedi 4\u00a0octobre \u00e0 Bari (Italie), le tirage au sort du premier tour de l\u2019Euro 2026 a \u00e9t\u00e9 effectu\u00e9, et il n\u2019a pas g\u00e2t\u00e9 les \u00e9quipes de France.<\/p>\n<p>L\u2019\u00e9quipe masculine doit se rattraper<\/p>\n<p>Les Bleus, qui devront dig\u00e9rer leur <a href=\"https:\/\/www.ouest-france.fr\/sport\/volley\/equipe-de-france\/direct-france-argentine-suivez-le-troisieme-match-du-mondial-de-volley-en-live-1cb21325-426c-4321-9526-f079dd1de9c8\" target=\"_self\" rel=\"nofollow noopener\">\u00e9limination pr\u00e9coce du Mondial 2025<\/a> d\u00e8s le premier tour, sont dans la m\u00eame poule que l\u2019Allemagne (11e), quart de finaliste des JO 2024 et que la Turquie (14e), quart de finaliste il y a quelques semaines aux Philippines. La Roumanie (24e), qui sera un des pays h\u00f4tes de cet Euro (10 &#8211; 27 septembre) avec l\u2019Italie, la Bulgarie et la Finlande, se trouvent \u00e9galement dans le Groupe D, tout comme la Suisse (32e) et la Lettonie (46e).<\/p>\n<p><strong>Lire aussi\u00a0:<\/strong> <a href=\"https:\/\/niort.maville.com\/sport\/detail_-avec-l-eco-conditionnalite-de-ses-contrats-de-sponsoring-la-maif-detonne-dans-le-monde-du-sport-_53158-7000729_actu.Htm\" target=\"_blank\" rel=\"nofollow noopener\">Avec l\u2019\u00e9co-conditionnalit\u00e9 de ses contrats de sponsoring, la MAIF \u00ab\u00a0d\u00e9tonne\u00a0\u00bb dans le monde du sport<\/a><\/p>\n<p>L\u2019Italie avec les Fran\u00e7aises<\/p>\n<p>La dynamique des Bleues n\u2019est, elle, pas la m\u00eame\u00a0! Port\u00e9es par une grande performance lors du dernier Mondial o\u00f9 elles avaient atteint<a href=\"https:\/\/www.ouest-france.fr\/sport\/volley\/direct-chine-france-les-bleues-dominent-la-chine-suivez-le-match-du-mondial-de-volley-en-live-82b21a82-14e4-4bc4-9b29-7a6a8eaedc1b\" target=\"_self\" rel=\"nofollow noopener\"> les quarts de finale pour la premi\u00e8re fois de leur histoire<\/a>, les Fran\u00e7aises vont arriver \u00e0 l\u2019Euro (21\u00a0ao\u00fbt &#8211; 6\u00a0septembre) avec de nouvelles ambitions.<\/p>\n<p>Elles sont toutefois tomb\u00e9es dans un groupe relev\u00e9, avec la pr\u00e9sence des championnes du monde et olympiques italiennes. La Su\u00e8de (26e), la Slovaquie (33e), la Croatie (36e) et le Mont\u00e9n\u00e9gro (43e) seront les autres adversaires des Bleues au premier tour.\u00a0Pour le tournoi f\u00e9minin, la Su\u00e8de, la Turquie, la R\u00e9publique tch\u00e8que et l\u2019Azerba\u00efdjan seront les pays h\u00f4tes.<\/p>\n<p>Chez les hommes et les femmes, il faudra terminer dans les quatre premi\u00e8res places pour obtenir un ticket pour la phase finale \u00e0 \u00e9limination directe. Le rendez-vous est coch\u00e9 pour les \u00e9quipes de France.<\/p>\n<p>\u00a0<\/p>\n","protected":false},"excerpt":{"rendered":"Quelques semaines apr\u00e8s la fin des Mondiaux de volley, chez les hommes et chez les femmes, les s\u00e9lections&hellip;\n","protected":false},"author":2,"featured_media":440481,"comment_status":"","ping_status":"","sticky":false,"template":"","format":"standard","meta":{"footnotes":""},"categories":[1587],"tags":[1111,11,672,3809,1465,1804,1805,1803,1777,674,63,1801,1792,1922,12,1802,479,4937,517,1470],"class_list":{"0":"post-440480","1":"post","2":"type-post","3":"status-publish","4":"format-standard","5":"has-post-thumbnail","7":"category-allemagne","8":"tag-actu","9":"tag-actualites","10":"tag-allemagne","11":"tag-ball","12":"tag-basket","13":"tag-bundesrepublik-deutschland","14":"tag-de","15":"tag-deutschland","16":"tag-eu","17":"tag-europe","18":"tag-football","19":"tag-germany","20":"tag-handball","21":"tag-info","22":"tag-news","23":"tag-republique-federale-dallemagne","24":"tag-rugby","25":"tag-saint-brieuc","26":"tag-sport","27":"tag-volley"},"share_on_mastodon":{"url":"https:\/\/pubeurope.com\/@fr\/115320898613436718","error":""},"_links":{"self":[{"href":"https:\/\/www.europesays.com\/fr\/wp-json\/wp\/v2\/posts\/440480","targetHints":{"allow":["GET"]}}],"collection":[{"href":"https:\/\/www.europesays.com\/fr\/wp-json\/wp\/v2\/posts"}],"about":[{"href":"https:\/\/www.europesays.com\/fr\/wp-json\/wp\/v2\/types\/post"}],"author":[{"embeddable":true,"href":"https:\/\/www.europesays.com\/fr\/wp-json\/wp\/v2\/users\/2"}],"replies":[{"embeddable":true,"href":"https:\/\/www.europesays.com\/fr\/wp-json\/wp\/v2\/comments?post=440480"}],"version-history":[{"count":0,"href":"https:\/\/www.europesays.com\/fr\/wp-json\/wp\/v2\/posts\/440480\/revisions"}],"wp:featuredmedia":[{"embeddable":true,"href":"https:\/\/www.europesays.com\/fr\/wp-json\/wp\/v2\/media\/440481"}],"wp:attachment":[{"href":"https:\/\/www.europesays.com\/fr\/wp-json\/wp\/v2\/media?parent=440480"}],"wp:term":[{"taxonomy":"category","embeddable":true,"href":"https:\/\/www.europesays.com\/fr\/wp-json\/wp\/v2\/categories?post=440480"},{"taxonomy":"post_tag","embeddable":true,"href":"https:\/\/www.europesays.com\/fr\/wp-json\/wp\/v2\/tags?post=440480"}],"curies":[{"name":"wp","href":"https:\/\/api.w.org\/{rel}","templated":true}]}}