{"id":440494,"date":"2025-10-05T09:50:11","date_gmt":"2025-10-05T09:50:11","guid":{"rendered":"https:\/\/www.europesays.com\/fr\/440494\/"},"modified":"2025-10-05T09:50:11","modified_gmt":"2025-10-05T09:50:11","slug":"marc-marquez-chute-des-le-premier-tour-du-gp-dindonesie-lequipe","status":"publish","type":"post","link":"https:\/\/www.europesays.com\/fr\/440494\/","title":{"rendered":"Marc Marquez chute d\u00e8s le premier tour du GP d&#039;Indon\u00e9sie &#8211; L&#039;\u00c9quipe"},"content":{"rendered":"<ol>\n<li><a href=\"https:\/\/news.google.com\/rss\/articles\/CBMipgFBVV95cUxPQXB5Wm95NDcxZG5WbkFEOGdKeVNtZDV5elQxU0NHUnBPZk4yd0FzT2V1bWljVm5CNm9uRG1XUjEyWkZOenI4TUtWeU96bUZzUzUySUs0Zk5TVjY2ajdWSEhZdWlqOFF6d3V5RkVfSnF2WXhLQVJ2XzZYTWphZk5WNnhaREtqa3FfUWV2SmJkeHJLTlg4elhOWXlfU2lJUzhYaTVubkR3?oc=5\" target=\"_blank\" rel=\"nofollow noopener\">Marc Marquez chute d\u00e8s le premier tour du GP d&rsquo;Indon\u00e9sie<\/a>&nbsp;&nbsp;L&rsquo;\u00c9quipe<\/li>\n<li><a href=\"https:\/\/news.google.com\/rss\/articles\/CBMigwJBVV95cUxNN3lJdG5RWTNsdFhHVkhzLV9TMS1TQWV6YXQ0NHRaTWdpc0N6M3BJUlpldHZaOW50cnp1anZDQTk4dG1vT2NCbnpuS2NVTlJkenpwekNNR2taNW90TmM1WlR2RU1RdzNEbmJvX0FwVGtQRTRtMlNsbXd6bGlZZHdXaFRsSFNIVlBJOG9DTXVRTXNPSlktbTJnVGtrcGV6MDhoZUlpOEVUVWh0UmM2ZG9SMXhTem1PYUhjQzRZeWxSbk51UWpyUFdiZDNORGtXNG1uS25VX2drZUFRenFHbWJnUHFTcFlyRy1RbU5lLXVDcVhNeFlBU1pubmJUWGVROGxRS2ZV?oc=5\" target=\"_blank\" rel=\"nofollow noopener\">MotoGP. Ambitieux, rival d\u2019Acosta\u2026 Qui est Fermin Aldeguer, vainqueur du GP d\u2019Indon\u00e9sie \u00e0 20 ans ?<\/a>&nbsp;&nbsp;Ouest-France<\/li>\n<li><a href=\"https:\/\/news.google.com\/rss\/articles\/CBMi-gFBVV95cUxPRUt3ZHY3SWlqRjl1b0NVMTcwS0xqQ042MFdqN3pvU2VRbm9HUDZDSHNCZ1ZWVkF6Yi1KdmxaaHBMQjlPVjI3aXM3clZLdWdPSFdwU2VlSXktcUQzYzVxWDZ0ZFpra1RqbHZaRXRqenhGWlEteVU3eUVFSHdaOEFGSTNTTTd6bC1EcFpHUk9iNGcxTnZtSUpiX1ZkZ2V4ZXZuY2N6VTRibEpIM0RTVXZHSFhXcHJGWXp5T2JEc1hjU3duMVN3UmhFNk0yX0I1Sk41SF9WenZVME14QnB1VktuckVocUo2NmJyT240cUJrbi1UWXhRbG5IUVhn?oc=5\" target=\"_blank\" rel=\"nofollow noopener\">MotoGP: Premi\u00e8re victoire pour Aldeguer, Marquez bless\u00e9 \u00e0 l&rsquo;\u00e9paule en Indon\u00e9sie<\/a>&nbsp;&nbsp;Eurosport<\/li>\n<li><a href=\"https:\/\/news.google.com\/rss\/articles\/CBMimwFBVV95cUxPdzNNdGtIX3VYcnEtVWJFbWU0RndqZWZFLUsyY29kLUxwZE51M05CeTlsTG40d3ZlWEtUU1NHeGNGcFlDdVR6ZDFLNjBnSk1IWlhRckJISUxKdFpqUHJXMC0wUnBoX3phcGdfOGg4TXJYMTB5NmVMbDItNEFobl9KQk5WemlZYmZxNF8walBLRDlUY3Mya3czazZ0TQ?oc=5\" target=\"_blank\" rel=\"nofollow noopener\">M\u00e1rquez craint un ligament touch\u00e9 mais reste serein : \u00ab\u00a0Je m&rsquo;en sors bien\u00a0\u00bb<\/a>&nbsp;&nbsp;Motorsport.com<\/li>\n<li><a href=\"https:\/\/news.google.com\/rss\/articles\/CBMiwgFBVV95cUxNN21mNkJ5VmFVQUlZVlhlYXhOdnA3RVZOVEN1WGpRbUhEc0tDMjlQc1U2RUEybGJXOTAweXFpbllwNWdNM1JHTzhIbkkzd3NtT3NtcXJlWlZFRGpZMzlkSGhPdU81aWtma3RrX3RVaWk5NWt3TzdaVV94WjVHNi1NRFRMWWY0OTNFc0c1bmJSelFjb3lsSllYNnJqLUU0eUpRbUNFNlZldUxsTVloWnJjRW85TzNJRjZ1ZTY0cDcwNDNLQQ?oc=5\" target=\"_blank\" rel=\"nofollow noopener\">MotoGP d\u2019Indon\u00e9sie : Sur quelle cha\u00eene et \u00e0 quelle heure voir la course en direct ?<\/a>&nbsp;&nbsp;Le Figaro<\/li>\n<\/ol>\n","protected":false},"excerpt":{"rendered":"Marc Marquez chute d\u00e8s le premier tour du GP d&rsquo;Indon\u00e9sie&nbsp;&nbsp;L&rsquo;\u00c9quipe MotoGP. Ambitieux, rival d\u2019Acosta\u2026 Qui est Fermin Aldeguer,&hellip;\n","protected":false},"author":2,"featured_media":440495,"comment_status":"","ping_status":"","sticky":false,"template":"","format":"standard","meta":{"footnotes":""},"categories":[1413],"tags":[1011,27,1457,1456,60],"class_list":{"0":"post-440494","1":"post","2":"type-post","3":"status-publish","4":"format-standard","5":"has-post-thumbnail","7":"category-moto","8":"tag-fr","9":"tag-france","10":"tag-moto","11":"tag-motocycle","12":"tag-sports"},"share_on_mastodon":{"url":"https:\/\/pubeurope.com\/@fr\/115320941739991117","error":""},"_links":{"self":[{"href":"https:\/\/www.europesays.com\/fr\/wp-json\/wp\/v2\/posts\/440494","targetHints":{"allow":["GET"]}}],"collection":[{"href":"https:\/\/www.europesays.com\/fr\/wp-json\/wp\/v2\/posts"}],"about":[{"href":"https:\/\/www.europesays.com\/fr\/wp-json\/wp\/v2\/types\/post"}],"author":[{"embeddable":true,"href":"https:\/\/www.europesays.com\/fr\/wp-json\/wp\/v2\/users\/2"}],"replies":[{"embeddable":true,"href":"https:\/\/www.europesays.com\/fr\/wp-json\/wp\/v2\/comments?post=440494"}],"version-history":[{"count":0,"href":"https:\/\/www.europesays.com\/fr\/wp-json\/wp\/v2\/posts\/440494\/revisions"}],"wp:featuredmedia":[{"embeddable":true,"href":"https:\/\/www.europesays.com\/fr\/wp-json\/wp\/v2\/media\/440495"}],"wp:attachment":[{"href":"https:\/\/www.europesays.com\/fr\/wp-json\/wp\/v2\/media?parent=440494"}],"wp:term":[{"taxonomy":"category","embeddable":true,"href":"https:\/\/www.europesays.com\/fr\/wp-json\/wp\/v2\/categories?post=440494"},{"taxonomy":"post_tag","embeddable":true,"href":"https:\/\/www.europesays.com\/fr\/wp-json\/wp\/v2\/tags?post=440494"}],"curies":[{"name":"wp","href":"https:\/\/api.w.org\/{rel}","templated":true}]}}