{"id":440498,"date":"2025-10-05T09:52:44","date_gmt":"2025-10-05T09:52:44","guid":{"rendered":"https:\/\/www.europesays.com\/fr\/440498\/"},"modified":"2025-10-05T09:52:44","modified_gmt":"2025-10-05T09:52:44","slug":"tom-mainguenaud-remporte-la-derniere-manche-de-coupe-de-france-n1-a-toucy","status":"publish","type":"post","link":"https:\/\/www.europesays.com\/fr\/440498\/","title":{"rendered":"Tom Mainguenaud remporte la derni\u00e8re manche de Coupe de France N1 \u00e0 Toucy"},"content":{"rendered":"<p>Nouvelle victoire deux-s\u00e9vrienne sur la Coupe de France N1\u00a0! Dimanche 28\u00a0septembre, Tom Mainguenaud a remport\u00e9 la septi\u00e8me et derni\u00e8re manche \u00e0 Toucy. Le Deux-S\u00e9vrien de l\u2019\u00e9quipe de Laval a \u00e9t\u00e9 le plus rapide dans un sprint en petit groupe, devant Matthew Fox (Rouen) et Kylian Breton (Pays de Loud\u00e9ac).\u00a0Tom Mainguenaud, qui esp\u00e8re toujours rejoindre les professionnels, est rest\u00e9 dans le peloton avant de sortir \u00e0 30 kilom\u00e8tres de l\u2019arriv\u00e9e. Il a pass\u00e9 toute la fin de la course en t\u00eate.<\/p>\n<p>Cette saison, trois des sept manches de Coupe ont donc \u00e9t\u00e9 remport\u00e9es par des Deux-S\u00e9vriens. Au mois de f\u00e9vrier, <a target=\"_self\" href=\"https:\/\/www.lanouvellerepublique.fr\/deux-sevres\/cyclisme-antoine-berger-a-ecrit-son-scenario-ideal-pour-s-imposer-a-aix-en-provence-1740309396\" rel=\"noopener\">Antoine Berger avait lanc\u00e9 son ann\u00e9e avec une victoire<\/a> sur le GP d\u2019Aix-en-Provence (1re\u00a0manche). C\u2019est ensuite Lucas Mainguenaud, petit fr\u00e8re de Tom, qui s\u2019\u00e9tait illustr\u00e9 sur <a target=\"_self\" href=\"https:\/\/www.lanouvellerepublique.fr\/deux-sevres\/commune\/fors\/gp-de-la-sologne-des-etangs-2025-le-recital-du-deux-sevrien-lucas-mainguenaud-1746298586\" rel=\"noopener\">GP de la Sologne des \u00e9tangs<\/a> en mai (2e manche).<\/p>\n","protected":false},"excerpt":{"rendered":"Nouvelle victoire deux-s\u00e9vrienne sur la Coupe de France N1\u00a0! Dimanche 28\u00a0septembre, Tom Mainguenaud a remport\u00e9 la septi\u00e8me et&hellip;\n","protected":false},"author":2,"featured_media":440499,"comment_status":"","ping_status":"","sticky":false,"template":"","format":"standard","meta":{"footnotes":""},"categories":[1411],"tags":[1392,1154,207,2545,24086,1011,27,60],"class_list":{"0":"post-440498","1":"post","2":"type-post","3":"status-publish","4":"format-standard","5":"has-post-thumbnail","7":"category-cyclisme","8":"tag-a-la-une-local","9":"tag-cycling","10":"tag-cyclisme","11":"tag-deux-sevres","12":"tag-fors","13":"tag-fr","14":"tag-france","15":"tag-sports"},"share_on_mastodon":{"url":"https:\/\/pubeurope.com\/@fr\/115320949603532947","error":""},"_links":{"self":[{"href":"https:\/\/www.europesays.com\/fr\/wp-json\/wp\/v2\/posts\/440498","targetHints":{"allow":["GET"]}}],"collection":[{"href":"https:\/\/www.europesays.com\/fr\/wp-json\/wp\/v2\/posts"}],"about":[{"href":"https:\/\/www.europesays.com\/fr\/wp-json\/wp\/v2\/types\/post"}],"author":[{"embeddable":true,"href":"https:\/\/www.europesays.com\/fr\/wp-json\/wp\/v2\/users\/2"}],"replies":[{"embeddable":true,"href":"https:\/\/www.europesays.com\/fr\/wp-json\/wp\/v2\/comments?post=440498"}],"version-history":[{"count":0,"href":"https:\/\/www.europesays.com\/fr\/wp-json\/wp\/v2\/posts\/440498\/revisions"}],"wp:featuredmedia":[{"embeddable":true,"href":"https:\/\/www.europesays.com\/fr\/wp-json\/wp\/v2\/media\/440499"}],"wp:attachment":[{"href":"https:\/\/www.europesays.com\/fr\/wp-json\/wp\/v2\/media?parent=440498"}],"wp:term":[{"taxonomy":"category","embeddable":true,"href":"https:\/\/www.europesays.com\/fr\/wp-json\/wp\/v2\/categories?post=440498"},{"taxonomy":"post_tag","embeddable":true,"href":"https:\/\/www.europesays.com\/fr\/wp-json\/wp\/v2\/tags?post=440498"}],"curies":[{"name":"wp","href":"https:\/\/api.w.org\/{rel}","templated":true}]}}