{"id":440502,"date":"2025-10-05T09:54:18","date_gmt":"2025-10-05T09:54:18","guid":{"rendered":"https:\/\/www.europesays.com\/fr\/440502\/"},"modified":"2025-10-05T09:54:18","modified_gmt":"2025-10-05T09:54:18","slug":"olivier-faure-en-a-un-peu-marre-de-se-faire-harceler","status":"publish","type":"post","link":"https:\/\/www.europesays.com\/fr\/440502\/","title":{"rendered":"Olivier Faure en a un peu marre de se faire harceler"},"content":{"rendered":"<p>Il s\u2019appelle Olivier Faure. Mais lui n\u2019a pas rendez-vous avec <a href=\"https:\/\/www.20minutes.fr\/politique\/sebastien-lecornu\/\" class=\"c-link c-link--is-underlined\" target=\"_blank\" rel=\"noopener\">S\u00e9bastien Lecornu<\/a> \u00e0 Matignon, vendredi. Cet homonyme du premier secr\u00e9taire du <a href=\"https:\/\/www.20minutes.fr\/politique\/ps\/\" class=\"c-link c-link--is-underlined\" target=\"_blank\" rel=\"noopener\">Parti socialiste<\/a> est un illustrateur reconnu \u00e0 <a href=\"https:\/\/www.20minutes.fr\/dossier\/narbonne\" class=\"c-link c-link--is-underlined\" target=\"_blank\" rel=\"noopener\">Narbonne<\/a> (<a href=\"https:\/\/www.20minutes.fr\/societe\/aude\/\" class=\"c-link c-link--is-underlined\" target=\"_blank\" rel=\"noopener\">Aude<\/a>). Mais c\u2019est souvent pour d\u2019autres raisons que son t\u00e9l\u00e9phone se met \u00e0 vibrer. Il explique \u00e0 <a href=\"https:\/\/www.ladepeche.fr\/2025\/09\/26\/a-narbonne-olivier-faure-homonyme-du-patron-du-ps-il-subit-les-foudres-des-internautes-12954859.php\" target=\"_blank\" class=\"c-link c-link--is-underlined\" rel=\"noopener\">La D\u00e9p\u00eache<\/a>, recevoir de tr\u00e8s nombreux messages de personnes qui le confondent avec le d\u00e9put\u00e9 de la 11e circonscription de Seine-et-Marne. Et rarement pour lui souhaiter longue vie et prosp\u00e9rit\u00e9.<\/p>\n<p>L\u2019artiste explique que le premier raz de mar\u00e9e l\u2019a submerg\u00e9 le 6\u00a0mai 2012. Ce jour-l\u00e0, <a href=\"https:\/\/www.20minutes.fr\/politique\/francois-hollande\/\" class=\"c-link c-link--is-underlined\" target=\"_blank\" rel=\"noopener\">Fran\u00e7ois Hollande<\/a> est \u00e9lu \u00e0 l\u2019Elys\u00e9e. Et Olivier Faure re\u00e7oit 2.000 textos de f\u00e9licitations. Enfin, celui que les 2.000 exp\u00e9diteurs pensent \u00eatre un proche (\u00e0 l\u2019\u00e9poque) du nouveau pr\u00e9sident. \u00ab\u00a0Mon t\u00e9l\u00e9phone \u00e9tait tellement satur\u00e9 que j\u2019ai d\u00fb en changer\u00a0\u00bb, relate au quotidien r\u00e9gional Olivier Faure. L\u2019artiste, pas l\u2019homme politique.<\/p>\n<p>\u00ab\u00a0Plus il s\u2019expose m\u00e9diatiquement, plus je re\u00e7ois des messages\u00a0\u00bb<\/p>\n<p>Mais ces correspondants, quoique encombrants, \u00e9taient \u00e0 l\u2019\u00e9poque globalement sympathiques. Les choses se sont g\u00e2t\u00e9es lorsque le Premier secr\u00e9taire du Parti socialiste a donn\u00e9 son blanc-seing \u00e0 la Nupes pour les l\u00e9gislatives de\u00a02022. \u00ab\u00a0Plus les positions et les engagements du secr\u00e9taire du PS sont marqu\u00e9s, plus il s\u2019expose m\u00e9diatiquement, plus je re\u00e7ois des messages \u00e0 son attention\u00a0\u00bb, expose Olivier Faure bis \u00e0 La D\u00e9p\u00eache. Du Nouveau front populaire \u00e0 l\u2019affaire du drapeau palestinien en passant par le d\u00e9samour avec LFI, le rythme des messages (et des injures) ne s\u2019est pas calm\u00e9. L\u2019artiste narbonnais trouve \u00e7a \u00ab\u00a0un peu lassant\u00a0\u00bb.<\/p>\n<\/p>\n<p>D\u2019autant que s\u2019il prenait la situation \u00ab\u00a0au d\u00e9but avec humour\u00a0\u00bb, il note que \u00ab\u00a0les discours se radicalisent\u00a0\u00bb. \u00ab\u00a0Cela ne donne vraiment pas envie de faire de la politique\u00a0\u00bb, explique Faure, Olivier. Alias Auleeve, son nom d\u2019artiste, ou encore Mister Strong. Au moins, pas question de les confondre de cette fa\u00e7on. Quoi que\u2026 En\u00a02007, <a href=\"https:\/\/www.20minutes.fr\/politique\/olivier-faure\/\" class=\"c-link c-link--is-underlined\" target=\"_blank\" rel=\"noopener\">Olivier Faure<\/a> a sign\u00e9 une BD\u00a0: \u00ab\u00a0S\u00e9go, Fran\u00e7ois, papa et moi.\u00a0\u00bb A la place du Narbonnais, certes plut\u00f4t branch\u00e9 manga, on commencerait \u00e0 se demander si le socialiste ne le ferait pas un peu expr\u00e8s, finalement\u2026<\/p>\n","protected":false},"excerpt":{"rendered":"Il s\u2019appelle Olivier Faure. Mais lui n\u2019a pas rendez-vous avec S\u00e9bastien Lecornu \u00e0 Matignon, vendredi. Cet homonyme du&hellip;\n","protected":false},"author":2,"featured_media":440503,"comment_status":"","ping_status":"","sticky":false,"template":"","format":"standard","meta":{"footnotes":""},"categories":[1359],"tags":[47,4086,58,59,1011,27,3082,2681,35514,56739,2680,4393,973,13696,104],"class_list":{"0":"post-440502","1":"post","2":"type-post","3":"status-publish","4":"format-standard","5":"has-post-thumbnail","7":"category-people","8":"tag-actualite","9":"tag-aude","10":"tag-divertissement","11":"tag-entertainment","12":"tag-fr","13":"tag-france","14":"tag-francois-hollande","15":"tag-languedoc-roussillon","16":"tag-narbonne","17":"tag-nupes","18":"tag-occitanie","19":"tag-olivier-faure","20":"tag-people","21":"tag-socialiste","22":"tag-societe"},"share_on_mastodon":{"url":"https:\/\/pubeurope.com\/@fr\/115320957331386100","error":""},"_links":{"self":[{"href":"https:\/\/www.europesays.com\/fr\/wp-json\/wp\/v2\/posts\/440502","targetHints":{"allow":["GET"]}}],"collection":[{"href":"https:\/\/www.europesays.com\/fr\/wp-json\/wp\/v2\/posts"}],"about":[{"href":"https:\/\/www.europesays.com\/fr\/wp-json\/wp\/v2\/types\/post"}],"author":[{"embeddable":true,"href":"https:\/\/www.europesays.com\/fr\/wp-json\/wp\/v2\/users\/2"}],"replies":[{"embeddable":true,"href":"https:\/\/www.europesays.com\/fr\/wp-json\/wp\/v2\/comments?post=440502"}],"version-history":[{"count":0,"href":"https:\/\/www.europesays.com\/fr\/wp-json\/wp\/v2\/posts\/440502\/revisions"}],"wp:featuredmedia":[{"embeddable":true,"href":"https:\/\/www.europesays.com\/fr\/wp-json\/wp\/v2\/media\/440503"}],"wp:attachment":[{"href":"https:\/\/www.europesays.com\/fr\/wp-json\/wp\/v2\/media?parent=440502"}],"wp:term":[{"taxonomy":"category","embeddable":true,"href":"https:\/\/www.europesays.com\/fr\/wp-json\/wp\/v2\/categories?post=440502"},{"taxonomy":"post_tag","embeddable":true,"href":"https:\/\/www.europesays.com\/fr\/wp-json\/wp\/v2\/tags?post=440502"}],"curies":[{"name":"wp","href":"https:\/\/api.w.org\/{rel}","templated":true}]}}