{"id":440504,"date":"2025-10-05T09:56:09","date_gmt":"2025-10-05T09:56:09","guid":{"rendered":"https:\/\/www.europesays.com\/fr\/440504\/"},"modified":"2025-10-05T09:56:09","modified_gmt":"2025-10-05T09:56:09","slug":"laruns-un-livre-pour-prendre-la-defense-du-pastoralisme","status":"publish","type":"post","link":"https:\/\/www.europesays.com\/fr\/440504\/","title":{"rendered":"Laruns\u00a0: un livre pour prendre la d\u00e9fense du pastoralisme"},"content":{"rendered":"<p>    La r\u00e9daction vous conseille<\/p>\n<p>Un public nombreux \u00e9tait pr\u00e9sent \u00e0 la m\u00e9diath\u00e8que de Laruns pour assister \u00e0 la pr\u00e9sentation du livre de Mad\u00e9 Maylin-Soul\u00e9, \u00ab\u00a0Les Fils de la Montagne \u2013 Chroniques de la guerre de l\u2019ours\u00a0\u00bb.<\/p>\n<p>Dans cet ouvrage, l\u2019auteure, berg\u00e8re transhumante \u00e0 la retraite, d\u00e9crit la vie des bergers et leur mani\u00e8re de vivre avec courage et dignit\u00e9 dans les montagnes, en harmonie avec les paysages et les animaux.<\/p>\n<p>Un art de vivre en voie de disparition<\/p>\n<p>Elle revient notamment sur ces trente derni\u00e8res ann\u00e9es, depuis les premi\u00e8res r\u00e9introductions d\u2019ours en 1996, et s\u2019interroge sur le manque d\u2019information \u2013 voire le m\u00e9pris \u2013 dont sont victimes les \u00e9leveurs et bergers. Elle alerte sur les menaces qui p\u00e8sent aujourd\u2019hui sur le pastoralisme, v\u00e9ritable art de vivre en voie de disparition.<\/p>\n<p>Parmi l\u2019assistance, plusieurs bergers \u2013 certains venus de l\u2019Ari\u00e8ge \u2013 ont pris la parole pour confirmer ce constat. Ils ont exprim\u00e9 leur inqui\u00e9tude face au manque de respect pour leur mode de vie, mis \u00e0 mal par les contraintes \u00e9conomiques, les d\u00e9cisions gouvernementales, et l\u2019ignorance d\u2019un public souvent mal ou peu inform\u00e9, donc indiff\u00e9rent.<\/p>\n<p>Gr\u00e2ce \u00e0 cet ouvrage, et aux rencontres organis\u00e9es en partenariat avec la librairie La Curieuse d\u2019Arudy, l\u2019objectif est de sensibiliser le public sur cette question en cette ann\u00e9e 2026 d\u00e9cr\u00e9t\u00e9e Ann\u00e9e internationale du pastoralisme.<\/p>\n","protected":false},"excerpt":{"rendered":"La r\u00e9daction vous conseille Un public nombreux \u00e9tait pr\u00e9sent \u00e0 la m\u00e9diath\u00e8que de Laruns pour assister \u00e0 la&hellip;\n","protected":false},"author":2,"featured_media":440505,"comment_status":"","ping_status":"","sticky":false,"template":"","format":"standard","meta":{"footnotes":""},"categories":[1357],"tags":[1379,58,59,1011,27,1380],"class_list":{"0":"post-440504","1":"post","2":"type-post","3":"status-publish","4":"format-standard","5":"has-post-thumbnail","7":"category-livres","8":"tag-books","9":"tag-divertissement","10":"tag-entertainment","11":"tag-fr","12":"tag-france","13":"tag-livres"},"share_on_mastodon":{"url":"https:\/\/pubeurope.com\/@fr\/115320965291822923","error":""},"_links":{"self":[{"href":"https:\/\/www.europesays.com\/fr\/wp-json\/wp\/v2\/posts\/440504","targetHints":{"allow":["GET"]}}],"collection":[{"href":"https:\/\/www.europesays.com\/fr\/wp-json\/wp\/v2\/posts"}],"about":[{"href":"https:\/\/www.europesays.com\/fr\/wp-json\/wp\/v2\/types\/post"}],"author":[{"embeddable":true,"href":"https:\/\/www.europesays.com\/fr\/wp-json\/wp\/v2\/users\/2"}],"replies":[{"embeddable":true,"href":"https:\/\/www.europesays.com\/fr\/wp-json\/wp\/v2\/comments?post=440504"}],"version-history":[{"count":0,"href":"https:\/\/www.europesays.com\/fr\/wp-json\/wp\/v2\/posts\/440504\/revisions"}],"wp:featuredmedia":[{"embeddable":true,"href":"https:\/\/www.europesays.com\/fr\/wp-json\/wp\/v2\/media\/440505"}],"wp:attachment":[{"href":"https:\/\/www.europesays.com\/fr\/wp-json\/wp\/v2\/media?parent=440504"}],"wp:term":[{"taxonomy":"category","embeddable":true,"href":"https:\/\/www.europesays.com\/fr\/wp-json\/wp\/v2\/categories?post=440504"},{"taxonomy":"post_tag","embeddable":true,"href":"https:\/\/www.europesays.com\/fr\/wp-json\/wp\/v2\/tags?post=440504"}],"curies":[{"name":"wp","href":"https:\/\/api.w.org\/{rel}","templated":true}]}}