{"id":440506,"date":"2025-10-05T09:57:20","date_gmt":"2025-10-05T09:57:20","guid":{"rendered":"https:\/\/www.europesays.com\/fr\/440506\/"},"modified":"2025-10-05T09:57:20","modified_gmt":"2025-10-05T09:57:20","slug":"tu-faisais-quoi-la-bas-des-moules-farcies-philippe-etchebest-choque-par-un-candidat-de-cauchemar-en-cuisine-ex-cuistot-dans-un-club-echangiste","status":"publish","type":"post","link":"https:\/\/www.europesays.com\/fr\/440506\/","title":{"rendered":"\u00ab\u00a0Tu faisais quoi l\u00e0-bas, des moules farcies?\u00a0\u00bb: Philippe Etchebest choqu\u00e9 par un candidat de \u00ab\u00a0Cauchemar en cuisine\u00a0\u00bb, ex-cuistot dans un club \u00e9changiste"},"content":{"rendered":"<p class=\"text-left ap-StoryElement ap-StoryElement--mb ap-StoryText\">S\u00e9quence choc mais dr\u00f4le dans \u00ab\u00a0Cauchemar en cuisine\u00a0\u00bb. Ce 26 septembre, sur M6, Philippe Etchebest est rest\u00e9 m\u00e9dus\u00e9 face \u00e0 la r\u00e9v\u00e9lation ol\u00e9 ol\u00e9 du restaurateur Luc sur son pass\u00e9 professionnel surprenant.<\/p>\n<p class=\"text-left ap-StoryElement ap-StoryElement--mb ap-StoryText\">Venu en aide, comme \u00e0 son habitude dans \u00ab\u00a0Cauchemar en cuisine\u00a0\u00bb, \u00e0 des restaurateurs en d\u00e9tresse et au bord du naufrage, le chef Etchebest n&rsquo;en croyait pas ses yeux face \u00e0 l&rsquo;anecdote de ce candidat.<\/p>\n<p class=\"text-left ap-StoryElement ap-StoryElement--mb ap-StoryText\">Dans l&rsquo;\u00e9mission de M6 de vendredi dernier, Philippe Etchebest s&rsquo;est donc rendu dans le restaurant d&rsquo;Aline et Luc. Et en se renseignant sur le parcours professionnel de ce dernier, Luc lui fait une confidence inattendue. Avant d&rsquo;\u00eatre serveur dans son propre restaurant (\u00ab\u00a0je ne suis plus en cuisine car je suis \u00e0 la retraite maintenant\u00a0\u00bb), il \u00e9tait cuisinier pendant 45 ans dans diff\u00e9rents \u00e9tablissements. \u00c0 savoir une maison de retraite mais aussi dans une bo\u00eete de nuit tr\u00e8s particuli\u00e8re\u2026 un club \u00e9changiste ! \u00ab\u00a0Et je faisais les deux en m\u00eame temps\u00a0\u00bb.<\/p>\n","protected":false},"excerpt":{"rendered":"S\u00e9quence choc mais dr\u00f4le dans \u00ab\u00a0Cauchemar en cuisine\u00a0\u00bb. Ce 26 septembre, sur M6, Philippe Etchebest est rest\u00e9 m\u00e9dus\u00e9&hellip;\n","protected":false},"author":2,"featured_media":440507,"comment_status":"","ping_status":"","sticky":false,"template":"","format":"standard","meta":{"footnotes":""},"categories":[1356],"tags":[56741,7818,58,23544,59,1011,27,56740,1340,56742,252,1364],"class_list":{"0":"post-440506","1":"post","2":"type-post","3":"status-publish","4":"format-standard","5":"has-post-thumbnail","7":"category-television","8":"tag-alain-bianchin","9":"tag-chef","10":"tag-divertissement","11":"tag-e","12":"tag-entertainment","13":"tag-fr","14":"tag-france","15":"tag-overijse","16":"tag-restaurant","17":"tag-restaurateur","18":"tag-television","19":"tag-tv"},"share_on_mastodon":{"url":"https:\/\/pubeurope.com\/@fr\/115320969182344599","error":""},"_links":{"self":[{"href":"https:\/\/www.europesays.com\/fr\/wp-json\/wp\/v2\/posts\/440506","targetHints":{"allow":["GET"]}}],"collection":[{"href":"https:\/\/www.europesays.com\/fr\/wp-json\/wp\/v2\/posts"}],"about":[{"href":"https:\/\/www.europesays.com\/fr\/wp-json\/wp\/v2\/types\/post"}],"author":[{"embeddable":true,"href":"https:\/\/www.europesays.com\/fr\/wp-json\/wp\/v2\/users\/2"}],"replies":[{"embeddable":true,"href":"https:\/\/www.europesays.com\/fr\/wp-json\/wp\/v2\/comments?post=440506"}],"version-history":[{"count":0,"href":"https:\/\/www.europesays.com\/fr\/wp-json\/wp\/v2\/posts\/440506\/revisions"}],"wp:featuredmedia":[{"embeddable":true,"href":"https:\/\/www.europesays.com\/fr\/wp-json\/wp\/v2\/media\/440507"}],"wp:attachment":[{"href":"https:\/\/www.europesays.com\/fr\/wp-json\/wp\/v2\/media?parent=440506"}],"wp:term":[{"taxonomy":"category","embeddable":true,"href":"https:\/\/www.europesays.com\/fr\/wp-json\/wp\/v2\/categories?post=440506"},{"taxonomy":"post_tag","embeddable":true,"href":"https:\/\/www.europesays.com\/fr\/wp-json\/wp\/v2\/tags?post=440506"}],"curies":[{"name":"wp","href":"https:\/\/api.w.org\/{rel}","templated":true}]}}