{"id":440510,"date":"2025-10-05T10:01:11","date_gmt":"2025-10-05T10:01:11","guid":{"rendered":"https:\/\/www.europesays.com\/fr\/440510\/"},"modified":"2025-10-05T10:01:11","modified_gmt":"2025-10-05T10:01:11","slug":"omar-bravo-ex-international-mexicain-arrete-pour-agressions-sexuelles-sur-mineure","status":"publish","type":"post","link":"https:\/\/www.europesays.com\/fr\/440510\/","title":{"rendered":"Omar Bravo, ex-international mexicain, arr\u00eat\u00e9 pour agressions sexuelles sur mineure"},"content":{"rendered":"<p>L\u2019ancien international mexicain Omar Bravo a \u00e9t\u00e9 arr\u00eat\u00e9 samedi, soup\u00e7onn\u00e9 d\u2019agressions sexuelles sur mineure, a annonc\u00e9 le bureau du procureur.<\/p>\n<p>Bravo, \u00e2g\u00e9 de 45 ans, a \u00e9t\u00e9 interpell\u00e9 dans une banlieue de Guadalajara (<a href=\"https:\/\/www.20minutes.fr\/dossier\/mexique\" class=\"c-link c-link--is-underlined\" target=\"_blank\" rel=\"noopener\">Mexique<\/a>), \u00e0 la suite d\u2019une plainte d\u00e9pos\u00e9e par une victime pr\u00e9sum\u00e9e, pr\u00e9cise le communiqu\u00e9. Il est accus\u00e9 d\u2019<a href=\"https:\/\/www.20minutes.fr\/dossier\/agression_sexuelle\" class=\"c-link c-link--is-underlined\" target=\"_blank\" rel=\"noopener\">agressions sexuelles<\/a> aggrav\u00e9es sur mineure et compara\u00eetra devant un tribunal dans les prochaines heures.<\/p>\n<p>Soup\u00e7onn\u00e9 d\u2019avoir \u00ab\u00a0commis des actes similaires\u00a0\u00bb dans le pass\u00e9<\/p>\n<p>Le magistrat a indiqu\u00e9 disposer de preuves selon lesquelles l\u2019ancien milieu offensif \u00ab\u00a0aurait abus\u00e9 d\u2019une adolescente \u00e0 plusieurs reprises au cours des derniers mois\u00a0\u00bb et le soup\u00e7onne d\u2019avoir d\u00e9j\u00e0 \u00ab\u00a0commis des actes similaires\u00a0\u00bb par le pass\u00e9.<\/p>\n<p>L\u2019ancien milieu offensif a commenc\u00e9 sa carri\u00e8re en\u00a02001 aux Chivas, dont il est le meilleur buteur de l\u2019histoire (132). Il a disput\u00e9 la <a href=\"https:\/\/www.20minutes.fr\/dossier\/coupe_du_monde_2006\" class=\"c-link c-link--is-underlined\" target=\"_blank\" rel=\"noopener\">Coupe du monde\u00a02006<\/a> en Allemagne avec deux buts \u00e0 la cl\u00e9.<\/p>\n<p>Il a ensuite \u00e9volu\u00e9 entre autres au Deportivo La Corogne (Espagne), aux Tigres de Monterrey, \u00e0 Kansas City (MLS), mais aussi chez deux clubs rivaux des Chivas, l\u2019Atlas et l\u2019Universidad.<\/p>\n","protected":false},"excerpt":{"rendered":"L\u2019ancien international mexicain Omar Bravo a \u00e9t\u00e9 arr\u00eat\u00e9 samedi, soup\u00e7onn\u00e9 d\u2019agressions sexuelles sur mineure, a annonc\u00e9 le bureau&hellip;\n","protected":false},"author":2,"featured_media":440511,"comment_status":"","ping_status":"","sticky":false,"template":"","format":"standard","meta":{"footnotes":""},"categories":[9],"tags":[1267,63,1011,27,303,5697,517,60],"class_list":{"0":"post-440510","1":"post","2":"type-post","3":"status-publish","4":"format-standard","5":"has-post-thumbnail","7":"category-sports","8":"tag-agression-sexuelle","9":"tag-football","10":"tag-fr","11":"tag-france","12":"tag-justice","13":"tag-mexique","14":"tag-sport","15":"tag-sports"},"share_on_mastodon":{"url":"https:\/\/pubeurope.com\/@fr\/115320985163468056","error":""},"_links":{"self":[{"href":"https:\/\/www.europesays.com\/fr\/wp-json\/wp\/v2\/posts\/440510","targetHints":{"allow":["GET"]}}],"collection":[{"href":"https:\/\/www.europesays.com\/fr\/wp-json\/wp\/v2\/posts"}],"about":[{"href":"https:\/\/www.europesays.com\/fr\/wp-json\/wp\/v2\/types\/post"}],"author":[{"embeddable":true,"href":"https:\/\/www.europesays.com\/fr\/wp-json\/wp\/v2\/users\/2"}],"replies":[{"embeddable":true,"href":"https:\/\/www.europesays.com\/fr\/wp-json\/wp\/v2\/comments?post=440510"}],"version-history":[{"count":0,"href":"https:\/\/www.europesays.com\/fr\/wp-json\/wp\/v2\/posts\/440510\/revisions"}],"wp:featuredmedia":[{"embeddable":true,"href":"https:\/\/www.europesays.com\/fr\/wp-json\/wp\/v2\/media\/440511"}],"wp:attachment":[{"href":"https:\/\/www.europesays.com\/fr\/wp-json\/wp\/v2\/media?parent=440510"}],"wp:term":[{"taxonomy":"category","embeddable":true,"href":"https:\/\/www.europesays.com\/fr\/wp-json\/wp\/v2\/categories?post=440510"},{"taxonomy":"post_tag","embeddable":true,"href":"https:\/\/www.europesays.com\/fr\/wp-json\/wp\/v2\/tags?post=440510"}],"curies":[{"name":"wp","href":"https:\/\/api.w.org\/{rel}","templated":true}]}}