{"id":440512,"date":"2025-10-05T10:02:10","date_gmt":"2025-10-05T10:02:10","guid":{"rendered":"https:\/\/www.europesays.com\/fr\/440512\/"},"modified":"2025-10-05T10:02:10","modified_gmt":"2025-10-05T10:02:10","slug":"francois-hollande-pourrit-la-vie-des-habitants-du-20e-arrondissement-malgre-lui-2","status":"publish","type":"post","link":"https:\/\/www.europesays.com\/fr\/440512\/","title":{"rendered":"Fran\u00e7ois Hollande pourrit la vie des habitants du 20e\u00a0arrondissement\u2026 malgr\u00e9 lui"},"content":{"rendered":"<p>\u00catre emb\u00eat\u00e9 par les <a href=\"https:\/\/www.20minutes.fr\/dossier\/nuisances_sonores\" target=\"_blank\" class=\"c-link c-link--is-underlined\" rel=\"noopener\">nuisances sonores<\/a> de ses voisins, c\u2019est plut\u00f4t commun. Ce qui est moins banal, c\u2019est lorsque ce voisin s\u2019appelle <a href=\"https:\/\/www.20minutes.fr\/politique\/francois-hollande\/\" target=\"_blank\" class=\"c-link c-link--is-underlined\" rel=\"noopener\">Fran\u00e7ois Hollande<\/a> et a \u00e9t\u00e9 pr\u00e9sident de la <a href=\"https:\/\/www.20minutes.fr\/dossier\/republique\" target=\"_blank\" class=\"c-link c-link--is-underlined\" rel=\"noopener\">R\u00e9publique<\/a>. C\u2019est la situation \u00e0 laquelle sont confront\u00e9s les habitants de la Campagne \u00e0 <a href=\"https:\/\/www.20minutes.fr\/paris\/\" target=\"_blank\" class=\"c-link c-link--is-underlined\" rel=\"noopener\">Paris<\/a>, dans le 20e\u00a0arrondissement, <a href=\"https:\/\/www.lecanardenchaine.fr\/politique\/52024-francois-hollande-fait-beaucoup-de-bruit-pour-rien\" target=\"_blank\" class=\"c-link c-link--is-underlined\" rel=\"noopener\">r\u00e9v\u00e8le Le Canard encha\u00een\u00e9<\/a>.<\/p>\n<p>Depuis que l\u2019ex-chef de l\u2019Etat et sa compagne <a href=\"https:\/\/www.20minutes.fr\/dossier\/julie_gayet\" target=\"_blank\" class=\"c-link c-link--is-underlined\" rel=\"noopener\">Julie Gayet<\/a> ont emm\u00e9nag\u00e9 dans ce quartier tranquille en\u00a02023, les riverains se plaignent du bruit incessant du v\u00e9hicule de <a href=\"https:\/\/www.20minutes.fr\/dossier\/police\" target=\"_blank\" class=\"c-link c-link--is-underlined\" rel=\"noopener\">police<\/a> post\u00e9 vingt-quatre heures sur vingt-quatre devant le domicile du couple. Une riveraine, interrog\u00e9e par le journal satirique, indique que le moteur tourne en permanence, \u00ab\u00a0l\u2019\u00e9t\u00e9, et m\u00eame en septembre, pour avoir la clim, en laissant parfois les vitres ouvertes, et l\u2019hiver pour le chauffage\u00a0\u00bb.<\/p>\n<\/p>\n<p>Mis au courant de ces nuisances, Fran\u00e7ois Hollande aurait demand\u00e9 aux policiers de ne plus stationner devant chez lui, ce qui a \u00e9t\u00e9 refus\u00e9, d\u2019apr\u00e8s Le Canard. Raisons de <a href=\"https:\/\/www.20minutes.fr\/societe\/securite\/\" target=\"_blank\" class=\"c-link c-link--is-underlined\" rel=\"noopener\">s\u00e9curit\u00e9<\/a>, on imagine.<\/p>\n","protected":false},"excerpt":{"rendered":"\u00catre emb\u00eat\u00e9 par les nuisances sonores de ses voisins, c\u2019est plut\u00f4t commun. Ce qui est moins banal, c\u2019est&hellip;\n","protected":false},"author":2,"featured_media":440513,"comment_status":"","ping_status":"","sticky":false,"template":"","format":"standard","meta":{"footnotes":""},"categories":[8],"tags":[58,59,1011,27,3082,662,54186,2901,626,1072,4919,1306,656],"class_list":{"0":"post-440512","1":"post","2":"type-post","3":"status-publish","4":"format-standard","5":"has-post-thumbnail","7":"category-divertissement","8":"tag-divertissement","9":"tag-entertainment","10":"tag-fr","11":"tag-france","12":"tag-francois-hollande","13":"tag-ile-de-france","14":"tag-julie-gayet","15":"tag-nuisances-sonores","16":"tag-paris","17":"tag-police","18":"tag-president","19":"tag-regions","20":"tag-securite"},"share_on_mastodon":{"url":"https:\/\/pubeurope.com\/@fr\/115320988824152241","error":""},"_links":{"self":[{"href":"https:\/\/www.europesays.com\/fr\/wp-json\/wp\/v2\/posts\/440512","targetHints":{"allow":["GET"]}}],"collection":[{"href":"https:\/\/www.europesays.com\/fr\/wp-json\/wp\/v2\/posts"}],"about":[{"href":"https:\/\/www.europesays.com\/fr\/wp-json\/wp\/v2\/types\/post"}],"author":[{"embeddable":true,"href":"https:\/\/www.europesays.com\/fr\/wp-json\/wp\/v2\/users\/2"}],"replies":[{"embeddable":true,"href":"https:\/\/www.europesays.com\/fr\/wp-json\/wp\/v2\/comments?post=440512"}],"version-history":[{"count":0,"href":"https:\/\/www.europesays.com\/fr\/wp-json\/wp\/v2\/posts\/440512\/revisions"}],"wp:featuredmedia":[{"embeddable":true,"href":"https:\/\/www.europesays.com\/fr\/wp-json\/wp\/v2\/media\/440513"}],"wp:attachment":[{"href":"https:\/\/www.europesays.com\/fr\/wp-json\/wp\/v2\/media?parent=440512"}],"wp:term":[{"taxonomy":"category","embeddable":true,"href":"https:\/\/www.europesays.com\/fr\/wp-json\/wp\/v2\/categories?post=440512"},{"taxonomy":"post_tag","embeddable":true,"href":"https:\/\/www.europesays.com\/fr\/wp-json\/wp\/v2\/tags?post=440512"}],"curies":[{"name":"wp","href":"https:\/\/api.w.org\/{rel}","templated":true}]}}