{"id":440514,"date":"2025-10-05T10:03:10","date_gmt":"2025-10-05T10:03:10","guid":{"rendered":"https:\/\/www.europesays.com\/fr\/440514\/"},"modified":"2025-10-05T10:03:10","modified_gmt":"2025-10-05T10:03:10","slug":"amazon-casse-les-prix-avant-le-prime-day-avec-ces-15-promos-de-dingue","status":"publish","type":"post","link":"https:\/\/www.europesays.com\/fr\/440514\/","title":{"rendered":"Amazon casse les prix avant le Prime Day avec ces 15 promos de DINGUE !"},"content":{"rendered":"<p class=\"sc-29e2a271-0 jjhUrQ\">Ces promotions avant le Prime Day couvrent un large \u00e9ventail de besoins, de la maison connect\u00e9e aux appareils nomades en passant par l\u2019informatique. Que vous cherchiez \u00e0 moderniser votre installation audio avec un Echo Show, \u00e0 vous \u00e9quiper d\u2019un PC portable abordable comme le Lenovo IdeaPad Slim 3, ou \u00e0 d\u00e9couvrir les performances du nouveau Google Pixel 10, Amazon propose des r\u00e9ductions qui tombent \u00e0 point nomm\u00e9. <\/p>\n<p class=\"sc-29e2a271-0 jjhUrQ\">Certaines r\u00e9f\u00e9rences ont m\u00eame d\u00e9j\u00e0 \u00e9t\u00e9 test\u00e9es dans nos colonnes, comme le Tineco Floor One S7, salu\u00e9 pour son efficacit\u00e9 de nettoyage. Un bon moyen de se faire plaisir \u00e0 prix r\u00e9duit, tout en anticipant les Jours Flash Prime.<\/p>\n","protected":false},"excerpt":{"rendered":"Ces promotions avant le Prime Day couvrent un large \u00e9ventail de besoins, de la maison connect\u00e9e aux appareils&hellip;\n","protected":false},"author":2,"featured_media":440515,"comment_status":"","ping_status":"","sticky":false,"template":"","format":"standard","meta":{"footnotes":""},"categories":[7],"tags":[1011,27,43,40,41,39,42,44],"class_list":{"0":"post-440514","1":"post","2":"type-post","3":"status-publish","4":"format-standard","5":"has-post-thumbnail","7":"category-sciences-et-technologies","8":"tag-fr","9":"tag-france","10":"tag-science","11":"tag-science-and-technology","12":"tag-sciences","13":"tag-sciences-et-technologies","14":"tag-technologies","15":"tag-technology"},"share_on_mastodon":{"url":"https:\/\/pubeurope.com\/@fr\/115320992885966037","error":""},"_links":{"self":[{"href":"https:\/\/www.europesays.com\/fr\/wp-json\/wp\/v2\/posts\/440514","targetHints":{"allow":["GET"]}}],"collection":[{"href":"https:\/\/www.europesays.com\/fr\/wp-json\/wp\/v2\/posts"}],"about":[{"href":"https:\/\/www.europesays.com\/fr\/wp-json\/wp\/v2\/types\/post"}],"author":[{"embeddable":true,"href":"https:\/\/www.europesays.com\/fr\/wp-json\/wp\/v2\/users\/2"}],"replies":[{"embeddable":true,"href":"https:\/\/www.europesays.com\/fr\/wp-json\/wp\/v2\/comments?post=440514"}],"version-history":[{"count":0,"href":"https:\/\/www.europesays.com\/fr\/wp-json\/wp\/v2\/posts\/440514\/revisions"}],"wp:featuredmedia":[{"embeddable":true,"href":"https:\/\/www.europesays.com\/fr\/wp-json\/wp\/v2\/media\/440515"}],"wp:attachment":[{"href":"https:\/\/www.europesays.com\/fr\/wp-json\/wp\/v2\/media?parent=440514"}],"wp:term":[{"taxonomy":"category","embeddable":true,"href":"https:\/\/www.europesays.com\/fr\/wp-json\/wp\/v2\/categories?post=440514"},{"taxonomy":"post_tag","embeddable":true,"href":"https:\/\/www.europesays.com\/fr\/wp-json\/wp\/v2\/tags?post=440514"}],"curies":[{"name":"wp","href":"https:\/\/api.w.org\/{rel}","templated":true}]}}