{"id":440518,"date":"2025-10-05T10:05:09","date_gmt":"2025-10-05T10:05:09","guid":{"rendered":"https:\/\/www.europesays.com\/fr\/440518\/"},"modified":"2025-10-05T10:05:09","modified_gmt":"2025-10-05T10:05:09","slug":"en-direct-guerre-a-gaza-les-pourparlers-du-caire-entre-les-negociateurs-israeliens-et-du-hamas-au-caire-sorganisent-liberation","status":"publish","type":"post","link":"https:\/\/www.europesays.com\/fr\/440518\/","title":{"rendered":"EN DIRECT &#8211; Guerre \u00e0 Gaza\u00a0: les pourparlers du Caire entre les n\u00e9gociateurs isra\u00e9liens et du Hamas au\u00a0Caire s\u2019organisent \u2013 Lib\u00e9ration"},"content":{"rendered":"<p class=\"sc-cPiKLX AiZTS text-element\">Une d\u00e9claration commune des ministres des Affaires \u00e9trang\u00e8res de l\u2019\u00c9gypte, de la Jordanie, de l\u2019Indon\u00e9sie, du Pakistan, du <a href=\"https:\/\/www.liberation.fr\/international\/moyen-orient\/en-israel-netanyahou-sous-pression-extreme-apres-le-oui-ambigu-du-hamas-au-plan-trump-pour-gaza-20251004_PSGI5PDM5NDLFM472NU7F23H4Q\/\" target=\"_blank\" rel=\"noopener\" title=\"https:\/\/www.liberation.fr\/international\/moyen-orient\/en-israel-netanyahou-sous-pression-extreme-apres-le-oui-ambigu-du-hamas-au-plan-trump-pour-gaza-20251004_PSGI5PDM5NDLFM472NU7F23H4Q\/\">Qatar<\/a>, de l\u2019Arabie saoudite, de la Turquie et des \u00c9mirats arabes unis f\u00e9licite les efforts de paix men\u00e9s par Donald Trump pour Gaza. \u00abLes ministres des Affaires \u00e9trang\u00e8res ont \u00e9galement salu\u00e9 l\u2019appel lanc\u00e9 par le pr\u00e9sident Trump \u00e0 Isra\u00ebl pour qu\u2019il cesse imm\u00e9diatement les bombardements et commence \u00e0 mettre en \u0153uvre l\u2019accord d\u2019\u00e9change, et ils ont exprim\u00e9 leur gratitude pour son engagement en faveur de l\u2019instauration de la paix dans la r\u00e9gion\u00bb, pr\u00e9cise \u00e9galement la d\u00e9claration commune. <a href=\"https:\/\/www.liberation.fr\/international\/moyen-orient\/en-israel-netanyahou-sous-pression-extreme-apres-le-oui-ambigu-du-hamas-au-plan-trump-pour-gaza-20251004_PSGI5PDM5NDLFM472NU7F23H4Q\/\" target=\"_blank\" rel=\"noopener\" title=\"https:\/\/www.liberation.fr\/international\/moyen-orient\/en-israel-netanyahou-sous-pression-extreme-apres-le-oui-ambigu-du-hamas-au-plan-trump-pour-gaza-20251004_PSGI5PDM5NDLFM472NU7F23H4Q\/\">Les dirigeants ont \u00e9galement salu\u00e9 le Hamas <\/a>pour avoir fait part de \u00absa volont\u00e9 de transf\u00e9rer l\u2019administration de Gaza \u00e0 un comit\u00e9 administratif palestinien de transition compos\u00e9 de technocrates ind\u00e9pendants\u00bb. <\/p>\n","protected":false},"excerpt":{"rendered":"Une d\u00e9claration commune des ministres des Affaires \u00e9trang\u00e8res de l\u2019\u00c9gypte, de la Jordanie, de l\u2019Indon\u00e9sie, du Pakistan, du&hellip;\n","protected":false},"author":2,"featured_media":440519,"comment_status":"","ping_status":"","sticky":false,"template":"","format":"standard","meta":{"footnotes":""},"categories":[5],"tags":[11,75,1011,27,3522,3519,14,664,12,28],"class_list":{"0":"post-440518","1":"post","2":"type-post","3":"status-publish","4":"format-standard","5":"has-post-thumbnail","7":"category-international","8":"tag-actualites","9":"tag-donald-trump","10":"tag-fr","11":"tag-france","12":"tag-guerre-hamas-israel","13":"tag-hamas","14":"tag-international","15":"tag-israel","16":"tag-news","17":"tag-world"},"share_on_mastodon":{"url":"https:\/\/pubeurope.com\/@fr\/115321000741008546","error":""},"_links":{"self":[{"href":"https:\/\/www.europesays.com\/fr\/wp-json\/wp\/v2\/posts\/440518","targetHints":{"allow":["GET"]}}],"collection":[{"href":"https:\/\/www.europesays.com\/fr\/wp-json\/wp\/v2\/posts"}],"about":[{"href":"https:\/\/www.europesays.com\/fr\/wp-json\/wp\/v2\/types\/post"}],"author":[{"embeddable":true,"href":"https:\/\/www.europesays.com\/fr\/wp-json\/wp\/v2\/users\/2"}],"replies":[{"embeddable":true,"href":"https:\/\/www.europesays.com\/fr\/wp-json\/wp\/v2\/comments?post=440518"}],"version-history":[{"count":0,"href":"https:\/\/www.europesays.com\/fr\/wp-json\/wp\/v2\/posts\/440518\/revisions"}],"wp:featuredmedia":[{"embeddable":true,"href":"https:\/\/www.europesays.com\/fr\/wp-json\/wp\/v2\/media\/440519"}],"wp:attachment":[{"href":"https:\/\/www.europesays.com\/fr\/wp-json\/wp\/v2\/media?parent=440518"}],"wp:term":[{"taxonomy":"category","embeddable":true,"href":"https:\/\/www.europesays.com\/fr\/wp-json\/wp\/v2\/categories?post=440518"},{"taxonomy":"post_tag","embeddable":true,"href":"https:\/\/www.europesays.com\/fr\/wp-json\/wp\/v2\/tags?post=440518"}],"curies":[{"name":"wp","href":"https:\/\/api.w.org\/{rel}","templated":true}]}}