{"id":440524,"date":"2025-10-05T10:08:13","date_gmt":"2025-10-05T10:08:13","guid":{"rendered":"https:\/\/www.europesays.com\/fr\/440524\/"},"modified":"2025-10-05T10:08:13","modified_gmt":"2025-10-05T10:08:13","slug":"la-talaudiere-clap-de-fin-pour-lagence-bnp","status":"publish","type":"post","link":"https:\/\/www.europesays.com\/fr\/440524\/","title":{"rendered":"La Talaudi\u00e8re. Clap de fin pour l\u2019agence BNP"},"content":{"rendered":"<p>Apr\u00e8s plus de 50 ans de pr\u00e9sence \u00e0 La Talaudi\u00e8re, l\u2019agence BNP va fermer ses portes mi-novembre. Les r\u00e9actions des clients sont plus que n\u00e9gatives et ils sont particuli\u00e8rement agac\u00e9s et l\u2019incompr\u00e9hension prime.<\/p>\n<p>Marcel n\u2019est pas surpris par cette fermeture. \u00ab\u00a0Je trouvais que, progressivement, il fermait les portes les apr\u00e8s-midi \u00e0 la client\u00e8le pour, soi-disant, accueillir des rendez-vous, et il y avait moins de personnel pour s\u2019occuper de nous. Pour \u00eatre accueilli ou pour un renseignement, il fallait rentrer dans un bureau et, en outre, durant tous les mois d\u2019ao\u00fbt, l\u2019agence \u00e9tait ferm\u00e9e, il&#8230;<\/p>\n","protected":false},"excerpt":{"rendered":"Apr\u00e8s plus de 50 ans de pr\u00e9sence \u00e0 La Talaudi\u00e8re, l\u2019agence BNP va fermer ses portes mi-novembre. Les&hellip;\n","protected":false},"author":2,"featured_media":440525,"comment_status":"","ping_status":"","sticky":false,"template":"","format":"standard","meta":{"footnotes":""},"categories":[9653],"tags":[1111,11,2430,33,7539,1777,674,1011,27,12053,12,25,4001,9664,216],"class_list":{"0":"post-440524","1":"post","2":"type-post","3":"status-publish","4":"format-standard","5":"has-post-thumbnail","7":"category-saint-etienne","8":"tag-actu","9":"tag-actualites","10":"tag-auvergne-rhone-alpes","11":"tag-economie","12":"tag-edition-loire-sud","13":"tag-eu","14":"tag-europe","15":"tag-fr","16":"tag-france","17":"tag-la-talaudiere","18":"tag-news","19":"tag-republique-francaise","20":"tag-saint-etienne","21":"tag-saint-etienne-bassin","22":"tag-vie-des-entreprises"},"share_on_mastodon":{"url":"https:\/\/pubeurope.com\/@fr\/115321012543543774","error":""},"_links":{"self":[{"href":"https:\/\/www.europesays.com\/fr\/wp-json\/wp\/v2\/posts\/440524","targetHints":{"allow":["GET"]}}],"collection":[{"href":"https:\/\/www.europesays.com\/fr\/wp-json\/wp\/v2\/posts"}],"about":[{"href":"https:\/\/www.europesays.com\/fr\/wp-json\/wp\/v2\/types\/post"}],"author":[{"embeddable":true,"href":"https:\/\/www.europesays.com\/fr\/wp-json\/wp\/v2\/users\/2"}],"replies":[{"embeddable":true,"href":"https:\/\/www.europesays.com\/fr\/wp-json\/wp\/v2\/comments?post=440524"}],"version-history":[{"count":0,"href":"https:\/\/www.europesays.com\/fr\/wp-json\/wp\/v2\/posts\/440524\/revisions"}],"wp:featuredmedia":[{"embeddable":true,"href":"https:\/\/www.europesays.com\/fr\/wp-json\/wp\/v2\/media\/440525"}],"wp:attachment":[{"href":"https:\/\/www.europesays.com\/fr\/wp-json\/wp\/v2\/media?parent=440524"}],"wp:term":[{"taxonomy":"category","embeddable":true,"href":"https:\/\/www.europesays.com\/fr\/wp-json\/wp\/v2\/categories?post=440524"},{"taxonomy":"post_tag","embeddable":true,"href":"https:\/\/www.europesays.com\/fr\/wp-json\/wp\/v2\/tags?post=440524"}],"curies":[{"name":"wp","href":"https:\/\/api.w.org\/{rel}","templated":true}]}}