{"id":440526,"date":"2025-10-05T10:09:11","date_gmt":"2025-10-05T10:09:11","guid":{"rendered":"https:\/\/www.europesays.com\/fr\/440526\/"},"modified":"2025-10-05T10:09:11","modified_gmt":"2025-10-05T10:09:11","slug":"avec-les-inconnus-on-a-quand-meme-fait-182-sketches","status":"publish","type":"post","link":"https:\/\/www.europesays.com\/fr\/440526\/","title":{"rendered":"\u00ab\u00a0Avec Les Inconnus, on a quand m\u00eame fait 182 sketches\u00a0\u00bb"},"content":{"rendered":"<p class=\"insetTitle\">Il avait tourn\u00e9 au Puy-en-Velay avec Muriel Robin<\/p>\n<p>En ao\u00fbt\u00a02004, Pascal L\u00e9gitimus \u00e9tait devant la cam\u00e9ra que Coline Serreau avait pos\u00e9e au Puy-en-Velay pour le tournage de la com\u00e9die dramatique Saint-Jacques\u2026 La \u00a0 Mecque (2005). Un tournage qui a laiss\u00e9 un bon souvenir \u00e0 l\u2019Inconnu.<\/p>\n<p>\u00ab\u00a0C\u2019est la premi\u00e8re fois que je faisais un film aussi long, aussi cher, et aussi charg\u00e9 avec de brillants com\u00e9diens (parmi lesquels Muriel Robin, <a href=\"https:\/\/www.leprogres.fr\/culture-loisirs\/2021\/09\/15\/jean-pierre-darroussin-roger-planchon-a-ete-important-pour-moi\" target=\"_blank\" rel=\"noopener\">Jean-Pierre Darroussin<\/a> et Artus de Penguern). C\u2019\u00e9tait trois mois de tournage, un mois de r\u00e9p\u00e9tition avant de tourner\u2026 Et puis vivre l\u2019exp\u00e9rience Coline Serreau, c\u2019est quand m\u00eame une belle aventure. C\u2019est une femme qui a du courage et des sujets forts. Ce que j\u2019ai aim\u00e9 dans ce film, c\u2019est la transmission et les messages qui sont encore d\u2019actualit\u00e9 comme l\u2018\u00e9cologie, la nature\u2026 Et puis \u00e7a parle de business, avec des personnages qui ont un h\u00e9ritage, qui font un p\u00e8lerinage pour avoir la thune et qui se rendent compte qu\u2019au bout du compte, la thune on s\u2019en fout. Et ce qui est important, c\u2019est le rapport humain. \u00bb<\/p>\n<p>\u00ab\u00a0Ce qui m\u2019a plu, c\u2019est la rencontre avec des gens et les paysages\u00a0\u00bb<\/p>\n<p>Les conditions de tournage, en ext\u00e9rieur, dans des endroits parfois isol\u00e9s, ont \u00e9t\u00e9 \u00e9prouvantes pour Pascal L\u00e9gitimus\u00a0: \u00ab\u00a0Au d\u00e9part, on avait 8\u00a0kilos de sac \u00e0 dos, parce que Coline Serreau voulait qu\u2019on soit dans les vraies conditions. Et au bout de 15 jours, je lui ai dit \u201cexcuse-moi Colline, moi je suis acteur, je peux mimer la lourdeur, le poids\u2026 Mais l\u00e0, j\u2019ai des muscles, je ne sais m\u00eame pas d\u2019o\u00f9 ils sortent\u201d. Ce qui \u00e9tait int\u00e9ressant, c\u2019est qu\u2019on a quand m\u00eame fait le vrai parcours sur l\u2019un des quatre chemins de Saint-Jacques-de-Compostelle. On est partis du Puy-en-Velay <a href=\"https:\/\/www.leprogres.fr\/sortir\/2014\/07\/30\/le-trio-robin-legitimus-darroussin-sur-le-chemin-de-saint-jacques\" target=\"_blank\" rel=\"noopener\">avant de passer par l\u2019Aubrac, Toulouse<\/a> \u2026 J\u2019ai d\u00e9couvert des paysages que je ne connaissais pas.\u00a0\u00bb<\/p>\n<p>Ce parcours n\u2019a pas sp\u00e9cialement eu de cons\u00e9quences dans la spiritualit\u00e9 du com\u00e9dien\u00a0: \u00ab\u00a0Sans \u00eatre pr\u00e9tentieux, j\u2018\u00e9tais d\u00e9j\u00e0 spirituel avant le film. La spiritualit\u00e9, c\u2019est quelque chose qui m\u2019habite depuis tout petit. Donc toutes ces choses-l\u00e0, le recentrage sur soi, le respect des domaines de la nature\u2026 j\u2019ai \u00e9t\u00e9 \u00e9lev\u00e9 l\u00e0-dedans. Ce qui m\u2019a plu, c\u2019est la rencontre avec des gens et les paysages.\u00a0\u00bb<\/p>\n","protected":false},"excerpt":{"rendered":"Il avait tourn\u00e9 au Puy-en-Velay avec Muriel Robin En ao\u00fbt\u00a02004, Pascal L\u00e9gitimus \u00e9tait devant la cam\u00e9ra que Coline&hellip;\n","protected":false},"author":2,"featured_media":440527,"comment_status":"","ping_status":"","sticky":false,"template":"","format":"standard","meta":{"footnotes":""},"categories":[9653],"tags":[1111,11,2430,650,1687,7539,1777,674,1011,27,3367,12,25,4001,7538,3140],"class_list":{"0":"post-440526","1":"post","2":"type-post","3":"status-publish","4":"format-standard","5":"has-post-thumbnail","7":"category-saint-etienne","8":"tag-actu","9":"tag-actualites","10":"tag-auvergne-rhone-alpes","11":"tag-cinema","12":"tag-culture-loisirs","13":"tag-edition-loire-sud","14":"tag-eu","15":"tag-europe","16":"tag-fr","17":"tag-france","18":"tag-loire","19":"tag-news","20":"tag-republique-francaise","21":"tag-saint-etienne","22":"tag-saint-etienne-ville","23":"tag-spectacle"},"share_on_mastodon":{"url":"https:\/\/pubeurope.com\/@fr\/115321016356161028","error":""},"_links":{"self":[{"href":"https:\/\/www.europesays.com\/fr\/wp-json\/wp\/v2\/posts\/440526","targetHints":{"allow":["GET"]}}],"collection":[{"href":"https:\/\/www.europesays.com\/fr\/wp-json\/wp\/v2\/posts"}],"about":[{"href":"https:\/\/www.europesays.com\/fr\/wp-json\/wp\/v2\/types\/post"}],"author":[{"embeddable":true,"href":"https:\/\/www.europesays.com\/fr\/wp-json\/wp\/v2\/users\/2"}],"replies":[{"embeddable":true,"href":"https:\/\/www.europesays.com\/fr\/wp-json\/wp\/v2\/comments?post=440526"}],"version-history":[{"count":0,"href":"https:\/\/www.europesays.com\/fr\/wp-json\/wp\/v2\/posts\/440526\/revisions"}],"wp:featuredmedia":[{"embeddable":true,"href":"https:\/\/www.europesays.com\/fr\/wp-json\/wp\/v2\/media\/440527"}],"wp:attachment":[{"href":"https:\/\/www.europesays.com\/fr\/wp-json\/wp\/v2\/media?parent=440526"}],"wp:term":[{"taxonomy":"category","embeddable":true,"href":"https:\/\/www.europesays.com\/fr\/wp-json\/wp\/v2\/categories?post=440526"},{"taxonomy":"post_tag","embeddable":true,"href":"https:\/\/www.europesays.com\/fr\/wp-json\/wp\/v2\/tags?post=440526"}],"curies":[{"name":"wp","href":"https:\/\/api.w.org\/{rel}","templated":true}]}}