{"id":440534,"date":"2025-10-05T10:15:11","date_gmt":"2025-10-05T10:15:11","guid":{"rendered":"https:\/\/www.europesays.com\/fr\/440534\/"},"modified":"2025-10-05T10:15:11","modified_gmt":"2025-10-05T10:15:11","slug":"assemblee-municipales-prefet-de-lherault-une-rentree-combative-pour-le-depute-jean-louis-roumegas","status":"publish","type":"post","link":"https:\/\/www.europesays.com\/fr\/440534\/","title":{"rendered":"Assembl\u00e9e, municipales, pr\u00e9fet de l&rsquo;H\u00e9rault&#8230; une rentr\u00e9e combative pour le d\u00e9put\u00e9 Jean-Louis Roum\u00e9gas"},"content":{"rendered":"<p>            Par<br \/>\n        <strong><br \/>\n            <a href=\"https:\/\/actu.fr\/auteur\/c-nithard\" title=\"Consulter tous les articles de C\u00e9dric Nithard\" rel=\"nofollow noopener\" target=\"_blank\">C\u00e9dric Nithard<\/a><br \/>\n        <\/strong><\/p>\n<p>        Publi\u00e9 le<\/p>\n<p>            5 oct. 2025 \u00e0 11h36        <\/p>\n<p>Comme tous les d\u00e9put\u00e9s,<strong> Jean-Louis Roum\u00e9gas<\/strong> a fait sa rentr\u00e9e parlementaire ce mercredi 1er octobre. Une rentr\u00e9e d\u00e9roul\u00e9e dans un contexte incertain et tendu durant laquelle la gauche a perdu sa majorit\u00e9 au bureau de l\u2019H\u00e9micycle. Comme beaucoup, <strong>l\u2019\u00c9cologiste<\/strong> fustige l\u2019alliance entre le socle commun et le Rassemblement National. Une alliance qui semble \u00e9loigner le spectre d\u2019<strong>une dissolution<\/strong>. Engag\u00e9 dans la campagne municipale \u00e0 Montpellier avec le Printemps Montpelli\u00e9rain, Jean-Louis Roum\u00e9gas pousse \u00e9galement un coup de gueule contre le pr\u00e9fet de l\u2019H\u00e9rault Fran\u00e7ois-Xavier Lauch.\u00a0<\/p>\n<p>Un \u00ab\u00a0tournant\u00a0\u00bb \u00e0 l\u2019Assembl\u00e9e nationale<\/p>\n<p class=\" wall-content\"><a href=\"https:\/\/actu.fr\/occitanie\/montpellier_34172\/municipales-la-democratie-locale-au-coeur-du-projet-du-printemps-montpellierain_63252657.html\" rel=\"nofollow noopener\" target=\"_blank\">Vendredi, Jean-Louis Roum\u00e9gas \u00e9tait \u00e0 Montpellier entour\u00e9 de ses partenaires \u2013 APR\u00c8S 34 et G\u00e9n\u00e9ration.S \u2013 r\u00e9unis dans le Printemps Montpelli\u00e9rain pour la campagne municipale<\/a>. Deux jours auparavant, le d\u00e9put\u00e9 \u00e9cologiste retrouvait le palais Bourbon o\u00f9 il a particip\u00e9, mercredi, \u00e0 l\u2019\u00e9lection des six vice-pr\u00e9sidents et des trois questeurs de l\u2019Assembl\u00e9e Nationale et, jeudi, \u00e0 celle des douze secr\u00e9taires de son Bureau. Une \u00e9lection durant laquelle la gauche a perdu sa majorit\u00e9, acquise en profitant d\u2019une d\u00e9mobilisation dans le rang des macronistes lors d\u2019un vote nocturne, au profit du Rassemblement National. La pr\u00e9sidente de l\u2019Assembl\u00e9e nationale Ya\u00ebl Braun-Pivet (Renaissance) a en effet souhait\u00e9 une r\u00e9partition proportionnelle correspondant au poids des groupes et a donc cette fois mobilis\u00e9 les troupes.<\/p>\n<p class=\" wall-content\">\u00ab\u00a0On assiste \u00e0 un deal entre le socle commun des Macronistes et le RN au terme duquel un Bureau a \u00e9t\u00e9 \u00e9lu sans aucun barrage r\u00e9publicain avec deux vice-pr\u00e9sidents RN, deux du socle commun et deux Insoumis\u00a0\u00bb, observe Jean-Louis Roum\u00e9gas qui fustige : \u00ab\u00a0Les seuls qui se sont oppos\u00e9s \u00e0 cette entente ce sont les \u00c9cologistes qui ont pr\u00e9sent\u00e9 des candidats alternatifs : J\u00e9r\u00e9mie Iordanoff et Marie Pochon. Cela n\u2019a pas emp\u00each\u00e9 les six du bureau d\u2019\u00eatre \u00e9lus avec pr\u00e8s de 500 voix. On peut voir que beaucoup, y compris \u00e0 gauche, ont jou\u00e9 le jeu en acceptant cette r\u00e9partition proportionnelle. \u00c0 l\u2019exception des R\u00e9publicains, nous avons tous \u00e9t\u00e9 \u00e9lus sur ce barrage r\u00e9publicain y compris les Macronistes. C\u2019est un tournant mais ce n\u2019est pas un tournant anodin\u00a0\u00bb.<\/p>\n<p>\u00ab\u00a0le RN fait semblant de hausser le ton\u00a0\u00bb<\/p>\n<p class=\" wall-content\">Mardi, S\u00e9bastien Lecornu prononcera son discours de politique g\u00e9n\u00e9rale. Son annonce de ne pas recourir au 49.3 pour adopter les textes de loi et en particulier le projet de loi de finances devait repousser la censure qui lui \u00e9tait promise. \u00ab\u00a0Je ne peux pas imaginer qu\u2019il fasse cela sans avoir assur\u00e9 ses arri\u00e8res\u00a0\u00bb souffle le d\u00e9put\u00e9 \u00e9cologiste qui redoute par ailleurs : \u00ab\u00a0Une autre question pointe, qui a l\u2019air de faire consensus dans beaucoup de forces politiques mais pas du tout chez nous, de revenir sur l\u2019ex\u00e9cution provisoire. Mesure qui a frapp\u00e9 Nicolas Sarkozy et Marine Le Pen. On attend une initiative parlementaire sur laquelle le gouvernement ne prendrait pas position mais qui pourrait rassembler assez large\u00a0\u00bb. Jean-Louis Roum\u00e9gas estime donc que \u00ab\u00a0vous avez tous les ingr\u00e9dients pour un sursis accord\u00e9 par le RN \u00e0 S\u00e9bastien Lecornu. Rendez-vous dans les jours qui viennent mais malheureusement c\u2019est ce qui se profile\u00a0\u00bb.<\/p>\n<p class=\" wall-content\">\n<p class=\" wall-content\">Le 49.3 \u00e9tant \u00e9cart\u00e9 dans le cadre du budget, les groupes \u00e0 l\u2019Assembl\u00e9e pourront d\u00e9poser des amendements, comme la taxe Zucman, et \u00e0 chacun de trouver une majorit\u00e9. Mais dans une Assembl\u00e9e divis\u00e9e, sans r\u00e9elle majorit\u00e9, aucun budget n\u2019a \u00e9t\u00e9 adopt\u00e9 par le vote depuis la dissolution. Dissolution qui semblerait s\u2019\u00e9loigner si ce rapprochement entre le socle commun et le RN, qui appelait pourtant \u00e0 revenir devant les \u00e9lecteurs, se confirme. Ce qui provoque d\u2019autant plus d\u2019incompr\u00e9hension et de col\u00e8re chez Jean-Louis Roum\u00e9gas : \u00ab\u00a0Depuis un an, le RN fait semblant de hausser le ton mais en r\u00e9alit\u00e9 il compose avec les diff\u00e9rents Premiers ministres pour laisser passer des politiques qui ne r\u00e9pondent pas aux attentes des Fran\u00e7ais. Et le socle commun n\u2019a aucun probl\u00e8me \u00e0 s\u2019allier au RN pour bloquer toute r\u00e9forme fiscale comme la r\u00e9forme des retraites. Pourtant les gens n\u2019en veulent pas au RN de ne pas \u00eatre coh\u00e9rent avec leurs propositions de rupture et de tout faire pour laisser passer et continuer la politique dont les Fran\u00e7ais ne veulent plus\u00a0\u00bb.<\/p>\n<p>Vid\u00e9os : en ce moment sur ActuEn cas de dissolution\u2026<\/p>\n<p class=\" wall-content\">Et m\u00eame si la situation actuelle ne lui convient pas, Jean-Louis Roum\u00e9gas n\u2019est pas favorable \u00e0 une dissolution. \u00ab\u00a0On souhaite qu\u2019il y ait un changement de politique pour que l\u2019on s\u2019occupe du quotidien des Fran\u00e7ais tout de suite. La dissolution ne serait pas une solution. Ce n\u2019est pas s\u00fbr qu\u2019elle donne une majorit\u00e9 claire. Tout le monde est d\u2019accord que la seule chose qui permettra de red\u00e9finir une majorit\u00e9 claire c\u2019est peut-\u00eatre une pr\u00e9sidentielle. Seul Emmanuel Macron en a les cl\u00e9s en d\u00e9missionnant\u00a0\u00bb plaide-t-il. Faut-il encore que la gauche soit pr\u00eate \u00e0 cette \u00e9ch\u00e9ance. \u00ab\u00a0Elle est en grand d\u00e9bat dans la perspective de la pr\u00e9sidentielle avec des strat\u00e9gies diff\u00e9rentes. D\u2019un c\u00f4t\u00e9 Rapha\u00ebl Glucksmann dit pas d\u2019Insoumis comme si c\u2019\u00e9tait la d\u00e9finition de la gauche d\u2019exclure une partie de la gauche. C\u2019est son choix strat\u00e9gique mais j\u2019ai l\u2019impression qu\u2019il s\u2019adresse plus \u00e0 un \u00e9lectorat macroniste qu\u2019\u00e0 la gauche. De l\u2019autre c\u00f4t\u00e9, M\u00e9lenchon dit c\u2019est moi ou personne d\u2019autre\u2026 Et, au milieu, Marine Tondelier dit qu\u2019il faut une primaire pour toute la gauche car c\u2019est la meilleure fa\u00e7on d\u2019assurer la pr\u00e9sence de la gauche au second tour. Honn\u00eatement, dire aujourd\u2019hui comment ce d\u00e9bat sera tranch\u00e9\u2026 je crois que c\u2019est l\u2019opinion publique et les \u00e9lecteurs qui le feront plus que les appareils. Mais, on remet le m\u00e9tier sur l\u2019ouvrage tous les jours\u00a0\u00bb juge l\u2019\u00c9cologiste.<\/p>\n<p>Votre r\u00e9gion, votre actu !<\/p>\n<p>Recevez chaque jour les infos qui comptent pour vous.<\/p>\n<p>\t<a href=\"https:\/\/actu.fr\/newsletter\" class=\"ac-btn ac-btn--corner ac-btn--medium ac-btn--blue800\" rel=\"nofollow noopener\" target=\"_blank\">S&rsquo;incrire<\/a><\/p>\n<p class=\" wall-content\">Alors cette gauche fractur\u00e9e peut-elle \u00eatre efficace \u00e0 l\u2019Assembl\u00e9e ? Jean-Louis Roum\u00e9gas veut y croire malgr\u00e9 tout. \u00ab\u00a0Des divisions se voient sur certaines questions mais sur les questions de fond il y a quand m\u00eame une solidarit\u00e9 et un travail en commun qui se fait. Il y a des d\u00e9saccords et des convergences\u00a0\u00bb. Et m\u00eame si dissolution il devait y avoir, le d\u00e9put\u00e9 se montre optimiste : \u00ab\u00a0Je suis persuad\u00e9 que, malgr\u00e9 tout, la gauche saurait s\u2019entendre. Avec moins de force que l\u2019ann\u00e9e derni\u00e8re car il y avait un projet et une unit\u00e9 affich\u00e9s mais il y aurait au moins une entente \u00e9lectorale pour pr\u00e9server l\u2019essentiel\u2026 Je crois\u00a0\u00bb. Ce qui pourrait donner une situation cocasse \u00e0 Montpellier avec une gauche encore plus divis\u00e9e qu\u2019au national. D\u2019ailleurs, dans ce cas de figure, que ferait Jean-Louis Roum\u00e9gas entre les municipales et retourner \u00e0 une l\u00e9gislative ? \u00ab\u00a0Je ferai ce que mon parti me dira de faire. Mais, \u00e0 titre personnel, je suis engag\u00e9 dans une campagne et il n\u2019est pas question de l\u2019abandonner. Si je dois choisir, ma priorit\u00e9 c\u2019est cette campagne municipale que nous menons ici\u00a0\u00bb assure-t-il. Avec sans doute en t\u00eate que le RN n\u2019a jamais \u00e9t\u00e9 aussi fort dans le d\u00e9partement hors de Montpellier et que perdre la 1\u00e8re circonscription ferait mauvais genre dans l\u2019optique de, au-del\u00e0 de s\u2019emparer de la mairie, unir le bloc de rupture de la gauche anti-Delafosse. Mais tout cela n\u2019est qu\u2019hypoth\u00e9tique. La r\u00e9alit\u00e9 n\u2019en demeure pas moins passionnante et source de questionnements.<\/p>\n<p>Jean-Louis Roum\u00e9gas choqu\u00e9 par le pr\u00e9fet de l&rsquo;H\u00e9rault<\/p>\n<p>D\u00e9but septembre, le pr\u00e9fet de l&rsquo;H\u00e9rault Fran\u00e7ois-Xavier Lauch a donn\u00e9 une interview \u00e0 La Gazette de Montpellier dans laquelle il a notamment \u00e9t\u00e9 interrog\u00e9 sur la lutte contre le s\u00e9paratisme et l&rsquo;entrisme en disant : \u00ab\u00a0Je pense qu&rsquo;une partie de notre territoire est sous l&rsquo;influence de structures agissantes, les Fr\u00e8res musulmans pour les nommer. Nous travaillons depuis longtemps sur ce sujet dans ce d\u00e9partement. Nous y avons identifi\u00e9 ce que l&rsquo;on appelle des \u00ab\u00a0\u00e9cosyst\u00e8mes fr\u00e9ristes\u00a0\u00bb, comme ailleurs en France\u00a0\u00bb et de donner un exemple : \u00ab\u00a0\u00c0 la demande de M. le maire de Montpellier, une enqu\u00eate publique a \u00e9t\u00e9 organis\u00e9e \u00e0 la Mosson, sur la construction d&rsquo;\u00e9tablissements publics \u00e0 la place d&rsquo;une salle de pri\u00e8re. 12 000 personnes y ont particip\u00e9 &#8211; soit deux fois plus que pour l&rsquo;enqu\u00eate sur le COM. On peut se demander si, derri\u00e8re, il n&rsquo;y a pas une organisation qui pilote les choses. Cette organisation, ce sont les Fr\u00e8res musulmans\u00a0\u00bb.<\/p>\n<p>Des propos qui ont fait bondir Jean-Louis Roum\u00e9gas qui n&rsquo;a pas cach\u00e9 son \u00e9tonnement face au manque de r\u00e9actions. \u00ab\u00a0Le Pr\u00e9fet de l&rsquo;H\u00e9rault a donn\u00e9 une interpr\u00e9tation que j&rsquo;ai trouv\u00e9 choquante et m\u00eame un peu dangereuse. Dire que les personnes qui vont participer \u00e0 une consultation sont manipul\u00e9es par les Fr\u00e8res musulmans ! Vous vous rendez compte pour les gens qui y ont particip\u00e9 ? J&rsquo;y ai particip\u00e9 comme Nordine (Maktoubi), Coralie (Mantion)&#8230; nous n&rsquo;avons rien \u00e0 voir avec les Fr\u00e8res musulmans\u00a0\u00bb. Le d\u00e9put\u00e9 juge ainsi que \u00ab\u00a0le pr\u00e9fet a catalogu\u00e9 toutes les personnes qui ont particip\u00e9 \u00e0 l&rsquo;enqu\u00eate publique. D\u00e9j\u00e0 cela stigmatise les personnes et, \u00e0 ma connaissance, il n&rsquo;y a pas les Fr\u00e8res musulmans \u00e0 Montpellier m\u00eame si le pr\u00e9fet est cens\u00e9 \u00eatre mieux inform\u00e9. Donc soit il est vraiment inform\u00e9 et nous donne les infos, soit il n&rsquo;est pas inform\u00e9 et a des propos compl\u00e8tement irresponsables. Les gens vont s&rsquo;imaginer que La Paillade c&rsquo;est un rep\u00e8re d&rsquo;islamiste. Qu&rsquo;un pr\u00e9fet dise cela m&rsquo;a beaucoup choqu\u00e9 et je trouve \u00e7a tr\u00e8s dangereux. Quand je le verrai je lui demanderai de s&rsquo;expliquer car ce n&rsquo;est pas normal de tenir ce genre de propos\u00a0\u00bb.<\/p>\n<p class=\" wall-content\">Personnalisez votre actualit\u00e9 en ajoutant vos villes et m\u00e9dias en favori avec <a href=\"https:\/\/moncompte.actu.fr\" title=\"D\u00e9couvez Mon Actu\" rel=\"nofollow noopener\" data-trk=\"{&quot;cta&quot;:{&quot;action&quot;:&quot;https:\\\/\\\/moncompte.actu.fr&quot;,&quot;category&quot;:&quot;mon compte&quot;,&quot;from&quot;:&quot;article footer&quot;,&quot;name&quot;:&quot;Mon actu&quot;,&quot;type&quot;:&quot;cta&quot;}}\" target=\"_blank\">Mon Actu<\/a>.<\/p>\n","protected":false},"excerpt":{"rendered":"Par C\u00e9dric Nithard Publi\u00e9 le 5 oct. 2025 \u00e0 11h36 Comme tous les d\u00e9put\u00e9s, Jean-Louis Roum\u00e9gas a fait&hellip;\n","protected":false},"author":2,"featured_media":440535,"comment_status":"","ping_status":"","sticky":false,"template":"","format":"standard","meta":{"footnotes":""},"categories":[9599],"tags":[1111,11,4188,1777,674,1011,27,2208,12,2680,316,25],"class_list":{"0":"post-440534","1":"post","2":"type-post","3":"status-publish","4":"format-standard","5":"has-post-thumbnail","7":"category-montpellier","8":"tag-actu","9":"tag-actualites","10":"tag-elections-municipales","11":"tag-eu","12":"tag-europe","13":"tag-fr","14":"tag-france","15":"tag-montpellier","16":"tag-news","17":"tag-occitanie","18":"tag-politique","19":"tag-republique-francaise"},"share_on_mastodon":{"url":"https:\/\/pubeurope.com\/@fr\/115321039969611913","error":""},"_links":{"self":[{"href":"https:\/\/www.europesays.com\/fr\/wp-json\/wp\/v2\/posts\/440534","targetHints":{"allow":["GET"]}}],"collection":[{"href":"https:\/\/www.europesays.com\/fr\/wp-json\/wp\/v2\/posts"}],"about":[{"href":"https:\/\/www.europesays.com\/fr\/wp-json\/wp\/v2\/types\/post"}],"author":[{"embeddable":true,"href":"https:\/\/www.europesays.com\/fr\/wp-json\/wp\/v2\/users\/2"}],"replies":[{"embeddable":true,"href":"https:\/\/www.europesays.com\/fr\/wp-json\/wp\/v2\/comments?post=440534"}],"version-history":[{"count":0,"href":"https:\/\/www.europesays.com\/fr\/wp-json\/wp\/v2\/posts\/440534\/revisions"}],"wp:featuredmedia":[{"embeddable":true,"href":"https:\/\/www.europesays.com\/fr\/wp-json\/wp\/v2\/media\/440535"}],"wp:attachment":[{"href":"https:\/\/www.europesays.com\/fr\/wp-json\/wp\/v2\/media?parent=440534"}],"wp:term":[{"taxonomy":"category","embeddable":true,"href":"https:\/\/www.europesays.com\/fr\/wp-json\/wp\/v2\/categories?post=440534"},{"taxonomy":"post_tag","embeddable":true,"href":"https:\/\/www.europesays.com\/fr\/wp-json\/wp\/v2\/tags?post=440534"}],"curies":[{"name":"wp","href":"https:\/\/api.w.org\/{rel}","templated":true}]}}