{"id":440538,"date":"2025-10-05T10:17:11","date_gmt":"2025-10-05T10:17:11","guid":{"rendered":"https:\/\/www.europesays.com\/fr\/440538\/"},"modified":"2025-10-05T10:17:11","modified_gmt":"2025-10-05T10:17:11","slug":"decouvrez-maison-marcelle-specialiste-de-la-decoration-interieure","status":"publish","type":"post","link":"https:\/\/www.europesays.com\/fr\/440538\/","title":{"rendered":"d\u00e9couvrez \u00ab\u00a0Maison Marcelle\u00a0\u00bb, sp\u00e9cialiste de la d\u00e9coration int\u00e9rieure"},"content":{"rendered":"<p>            Par<br \/>\n        <strong><br \/>\n            <a href=\"https:\/\/actu.fr\/auteur\/laredaction\" title=\"Consulter tous les articles de R\u00e9daction Normandie\" rel=\"nofollow noopener\" target=\"_blank\">R\u00e9daction Normandie<\/a><br \/>\n        <\/strong><\/p>\n<p>        Publi\u00e9 le<\/p>\n<p>            5 oct. 2025 \u00e0 11h24        <\/p>\n<p>De nouveaux commerces ont ouvert leurs portes depuis le d\u00e9but de l\u2019ann\u00e9e \u00e0 Isneauville, pr\u00e8s de <a href=\"https:\/\/actu.fr\/normandie\/rouen_76540\" rel=\"nofollow noopener\" target=\"_blank\">Rouen<\/a>. Aujourd\u2019hui, on vous fait d\u00e9couvrir,\u00a0<strong>Maison Marcelle<\/strong>, all\u00e9e du Manoir, sp\u00e9cialis\u00e9e dans la d\u00e9coration d\u2019int\u00e9rieur.<\/p>\n<p>Maison Marcelle : un nom comme un clin d\u2019\u0153il<\/p>\n<p class=\" wall-content\">Le nom choisi par \u00c9lisa Miroux pour son enseigne est un clin d\u2019\u0153il \u00e0 sa maman : c\u2019est elle, en effet, qui lui a transmis sa passion pour la d\u00e9coration d\u2019int\u00e9rieur. \u00ab Je suis n\u00e9e dans le Nord, \u00e0 Lens et comme j\u2019ai \u00e9pous\u00e9 un Normand, je vis en Normandie depuis 1997 \u00bb, indique la commer\u00e7ante, qui a suivi des \u00e9tudes en droit et exerc\u00e9 la profession d\u2019huissier de justice durant trente ans, dont vingt comme associ\u00e9e dans une \u00e9tude rouennaise qu\u2019elle a quitt\u00e9e en f\u00e9vrier\u00a02024.<\/p>\n<p class=\" wall-content\">C\u2019est une d\u00e9marche personnelle qui a convaincu \u00c9lisa Miroux de se consacrer \u00e0 cette passion que sont les <strong>projets d\u2019am\u00e9nagement, de r\u00e9novation et d\u00e9coration de biens<\/strong>.\u00a0<\/p>\n<blockquote class=\"ac-article-quote wall-content\">\n<p>J&rsquo;ai suivi une formation en ligne d&rsquo;architecte d&rsquo;int\u00e9rieur, ce qui m&rsquo;a d&rsquo;abord permis de me lancer dans plusieurs am\u00e9nagements d&rsquo;appartements, en communiquant via mon compte LinkedIn Maison meubl\u00e9e.<\/p>\n<p>    <strong>Elisa Miroux<\/strong>\n            <\/p><\/blockquote>\n<p class=\" wall-content\">Pour consolider son activit\u00e9, elle proposait \u00e9galement de la vente au d\u00e9tail d\u2019objets d\u00e9coratifs.<\/p>\n<p class=\" wall-content\">\u00ab J\u2019ai alors d\u00e9cid\u00e9 d\u2019avoir pignon sur rue en ouvrant ma boutique \u00e0 Isneauville : c\u2019est un secteur en d\u00e9veloppement, avec des clients de plus en plus nombreux sur le plateau Nord \u00bb, poursuit la sp\u00e9cialiste en d\u00e9coration d\u2019int\u00e9rieur, qui fait valoir que son lieu d\u2019implantation b\u00e9n\u00e9ficie, de plus, de <strong>nombreuses places de parking disponibles<\/strong> autour de l\u2019all\u00e9e du Manoir.<\/p>\n<p>Qualit\u00e9 \u00e0 des prix raisonnables<\/p>\n<p class=\" wall-content\">Avec Cl\u00e9mence (pr\u00e9sente deux jours par semaine), \u00c9lisa Miroux propose des produits en lien avec <strong>l\u2019univers de la maison<\/strong> (textile, mobilier \u00e0 emporter, petit mobilier, et objets d\u00e9coratifs comme des cadres) qui combinent la sobri\u00e9t\u00e9 et l\u2019\u00e9l\u00e9gance au naturel. \u00ab Nous privil\u00e9gions l\u2019aspect qualitatif, tout en permettant l\u2019acc\u00e8s \u00e0 des prix raisonnables, et travaillons avec des fournisseurs fran\u00e7ais, comme Haomy pour le textile, et d\u2019autres pays europ\u00e9ens comme les Pays-Bas et la Belgique. Nos arrivages sont fr\u00e9quents, ce qui permet de faire varier r\u00e9guli\u00e8rement notre offre \u00bb, souligne \u00c9lisa Miroux.<\/p>\n<p>Votre r\u00e9gion, votre actu !<\/p>\n<p>Recevez chaque jour les infos qui comptent pour vous.<\/p>\n<p>\t<a href=\"https:\/\/actu.fr\/newsletter\" class=\"ac-btn ac-btn--corner ac-btn--medium ac-btn--blue800\" rel=\"nofollow noopener\" target=\"_blank\">S&rsquo;incrire<\/a><\/p>\n<p>Maison Marcelle est ouverte le mardi (de 14 h \u00e0 19 h, et du mercredi au samedi, de 10 h \u00e0 19 h). Le mardi matin est r\u00e9serv\u00e9 aux rendez-vous privil\u00e9gi\u00e9s pour envisager des projets de d\u00e9coration. \u00c9lisa Miroux peut aussi se d\u00e9placer sur site les jeudis et vendredis. Contact : 02 32 80 00 25 et\u00a0https:\/\/maisonmarcelle.fr\/<\/p>\n<p>Suivez l\u2019actualit\u00e9 de Rouen sur notre <a href=\"https:\/\/www.whatsapp.com\/channel\/0029VaKfnf99hXF2ddApFB1D\" rel=\"nofollow noopener\" target=\"_blank\">cha\u00eene WhatsApp<\/a> et sur notre <a href=\"https:\/\/www.tiktok.com\/@76actu.fr?lang=fr\" rel=\"nofollow noopener\" target=\"_blank\">compte TikTok<\/a><\/p>\n<p class=\" wall-content\">Personnalisez votre actualit\u00e9 en ajoutant vos villes et m\u00e9dias en favori avec <a href=\"https:\/\/moncompte.actu.fr\" title=\"D\u00e9couvez Mon Actu\" rel=\"nofollow noopener\" data-trk=\"{&quot;cta&quot;:{&quot;action&quot;:&quot;https:\\\/\\\/moncompte.actu.fr&quot;,&quot;category&quot;:&quot;mon compte&quot;,&quot;from&quot;:&quot;article footer&quot;,&quot;name&quot;:&quot;Mon actu&quot;,&quot;type&quot;:&quot;cta&quot;}}\" target=\"_blank\">Mon Actu<\/a>.<\/p>\n<p>                    <script async src=\"\/\/www.tiktok.com\/embed.js\"><\/script><\/p>\n","protected":false},"excerpt":{"rendered":"Par R\u00e9daction Normandie Publi\u00e9 le 5 oct. 2025 \u00e0 11h24 De nouveaux commerces ont ouvert leurs portes depuis&hellip;\n","protected":false},"author":2,"featured_media":440539,"comment_status":"","ping_status":"","sticky":false,"template":"","format":"standard","meta":{"footnotes":""},"categories":[9587],"tags":[1111,11,9086,215,1777,674,1011,27,1652,12,5161,25,9590],"class_list":{"0":"post-440538","1":"post","2":"type-post","3":"status-publish","4":"format-standard","5":"has-post-thumbnail","7":"category-rouen","8":"tag-actu","9":"tag-actualites","10":"tag-bon-plan-a-rouen","11":"tag-commerce","12":"tag-eu","13":"tag-europe","14":"tag-fr","15":"tag-france","16":"tag-loisirs-culture","17":"tag-news","18":"tag-normandie","19":"tag-republique-francaise","20":"tag-rouen"},"share_on_mastodon":{"url":"https:\/\/pubeurope.com\/@fr\/115321048054384561","error":""},"_links":{"self":[{"href":"https:\/\/www.europesays.com\/fr\/wp-json\/wp\/v2\/posts\/440538","targetHints":{"allow":["GET"]}}],"collection":[{"href":"https:\/\/www.europesays.com\/fr\/wp-json\/wp\/v2\/posts"}],"about":[{"href":"https:\/\/www.europesays.com\/fr\/wp-json\/wp\/v2\/types\/post"}],"author":[{"embeddable":true,"href":"https:\/\/www.europesays.com\/fr\/wp-json\/wp\/v2\/users\/2"}],"replies":[{"embeddable":true,"href":"https:\/\/www.europesays.com\/fr\/wp-json\/wp\/v2\/comments?post=440538"}],"version-history":[{"count":0,"href":"https:\/\/www.europesays.com\/fr\/wp-json\/wp\/v2\/posts\/440538\/revisions"}],"wp:featuredmedia":[{"embeddable":true,"href":"https:\/\/www.europesays.com\/fr\/wp-json\/wp\/v2\/media\/440539"}],"wp:attachment":[{"href":"https:\/\/www.europesays.com\/fr\/wp-json\/wp\/v2\/media?parent=440538"}],"wp:term":[{"taxonomy":"category","embeddable":true,"href":"https:\/\/www.europesays.com\/fr\/wp-json\/wp\/v2\/categories?post=440538"},{"taxonomy":"post_tag","embeddable":true,"href":"https:\/\/www.europesays.com\/fr\/wp-json\/wp\/v2\/tags?post=440538"}],"curies":[{"name":"wp","href":"https:\/\/api.w.org\/{rel}","templated":true}]}}