{"id":440540,"date":"2025-10-05T10:18:15","date_gmt":"2025-10-05T10:18:15","guid":{"rendered":"https:\/\/www.europesays.com\/fr\/440540\/"},"modified":"2025-10-05T10:18:15","modified_gmt":"2025-10-05T10:18:15","slug":"trois-matchs-sans-defaite-deux-victoires-et-un-nul-quest-ce-fabien-valeri-a-change-a-qrm","status":"publish","type":"post","link":"https:\/\/www.europesays.com\/fr\/440540\/","title":{"rendered":"Trois matchs sans d\u00e9faite, deux victoires et un nul. Qu\u2019est-ce Fabien Val\u00e9ri a chang\u00e9 \u00e0 QRM ?"},"content":{"rendered":"<p>&#13;<\/p>\n<p>            <a href=\"https:\/\/www.footnormand.fr\/\" rel=\"nofollow noopener\" target=\"_blank\">Accueil<\/a> \/ <a href=\"https:\/\/www.footnormand.fr\/actualites\/\" rel=\"nofollow noopener\" target=\"_blank\">Actualit\u00e9s<\/a> \/ <a href=\"https:\/\/www.footnormand.fr\/club\/qrm\/\" rel=\"nofollow noopener\" target=\"_blank\">QRM<\/a> \/ Trois matchs sans d\u00e9faite, deux victoires et un nul. Qu\u2019est-ce Fabien Val\u00e9ri a chang\u00e9 \u00e0 QRM ?<br \/>\n        &#13;<\/p>\n<p>&#13;<br \/>\n                N1. J9 &#8211; Quevilly-Rouen M\u00e9tropole \/ FC Fleury 1-1            <\/p>\n<p>&#13;<\/p>\n<p>&#13;<br \/>\n                    Publi\u00e9 le 5 octobre 2025                <\/p>\n<p>                    &#13;<\/p>\n<p>Apr\u00e8s un d\u00e9but de saison catastrophique et une derni\u00e8re place au classement, Quevilly-Rouen M\u00e9tropole a pris un virage \u00e0 180 degr\u00e9s en changeant d\u2019entra\u00eeneur. La m\u00e9thode de Fabien Val\u00e9ri semble d\u00e9j\u00e0 porter ses fruits puisqu\u2019en trois rencontres, les L\u00e9opards restent invaincus et ont m\u00eame gagn\u00e9 deux fois \u00e0 l\u2019ext\u00e9rieur. Selon le technicien, c\u2019\u00e9tait le mental et la solidarit\u00e9 qui semblaient p\u00eacher.&#13;\n<\/p>\n<p>        <img fetchpriority=\"high\" width=\"1300\" height=\"915\" src=\"https:\/\/www.europesays.com\/fr\/wp-content\/uploads\/2025\/10\/qrm-fabien-valeri-09-2025.jpg\" class=\"attachment-post-thumbnail size-post-thumbnail wp-post-image\" alt=\"En trois rencontres dirig\u00e9es par Fabien Val\u00e9ri depuis sa nomination le 16 septembre, les progr\u00e8s dans le jeu et sur le plan comptable sont palpables. Et QRM n'a toujours pas connu la d\u00e9faite. \u00a9QRM\" decoding=\"async\"  \/><\/p>\n<p>En trois rencontres dirig\u00e9es par Fabien Val\u00e9ri depuis sa nomination le 16 septembre, les progr\u00e8s dans le jeu et sur le plan comptable sont palpables. Et QRM n&rsquo;a toujours pas connu la d\u00e9faite. \u00a9QRM<\/p>\n<p>Mercato tardif, d\u00e9but de saison mauvais (un nul et quatre d\u00e9faites), vestiaire peu emball\u00e9 par le projet de jeu, <a href=\"https:\/\/www.footnormand.fr\/actualites\/qrm\/david-carre-nest-plus-lentraineur-de-qrm\/\" rel=\"nofollow noopener\" target=\"_blank\">David Carr\u00e9 n\u2019a pas longtemps dirig\u00e9 Quevilly-Rouen M\u00e9tropole <\/a>pour son deuxi\u00e8me exercice. Exit donc l\u2019ancien formateur \u00e0 l\u2019AJ Auxerre apr\u00e8s la d\u00e9faite contre Aubagne (2-1, J6), et arriv\u00e9e de celui qui aurait, selon <a href=\"https:\/\/www.footnormand.fr\/actualites\/qrm\/fabien-valeri-a-qrm-la-deuxieme-tentative-a-ete-la-bonne\/\" rel=\"nofollow noopener\" target=\"_blank\">ses propres mots, d\u00e9j\u00e0 d\u00fb \u00eatre \u00e0 ce poste la saison derni\u00e8re<\/a>, Fabien Val\u00e9ri. Plus exp\u00e9riment\u00e9 apr\u00e8s des passages au Paris FC, au Paris 13 Atl\u00e9tico et \u00e0 Chambly, le n\u00e9o Normand doit conserver l\u2019objectif voulu par le pr\u00e9sident Michel Malet, \u00e0 savoir finir la saison dans le premier tiers du classement de National. T\u00e2che ardue quand on r\u00e9cup\u00e8re une \u00e9quipe 17e et lanterne rouge. Mais dans un championnat aussi serr\u00e9 que la troisi\u00e8me division fran\u00e7aise, une bonne s\u00e9rie peut tout changer. Et c\u2019est ce qui est en train de se passer. En trois rencontres, les L\u00e9opards ont encha\u00een\u00e9 deux victoires \u00e0 l\u2019ext\u00e9rieur (3-0 \u00e0 Bourg-en-Bresse et 2-1 \u00e0 Versailles), et <a href=\"https:\/\/www.footnormand.fr\/actualites\/qrm\/a-jouer-trop-bas-qrm-lache-des-points-a-domicile\/\" rel=\"nofollow noopener\" target=\"_blank\">un nul \u00e0 domicile ce vendredi contre Fleury (1-1).<\/a><\/p>\n<p>Alors qu\u2019est-ce qui a chang\u00e9 \u00e0 QRM pour que l\u2019\u00e9quipe arrive \u00e0 prendre 7 points en en trois matchs, d\u00e9bute enfin cette bonne s\u00e9rie, et remonte de la derni\u00e8re et \u00e0 14e place ? \u00ab\u00a0Dans la t\u00eate, il faut d\u00e9j\u00e0 \u00eatre des comp\u00e9titeurs. Il faut avoir cette volont\u00e9 de vouloir gagner \u00e0 chaque fois les matchs\u00a0\u00bb, a expliqu\u00e9 le coach apr\u00e8s le nul contre Fleury. \u00ab\u00a0Et pour cela, il faut rendre des copies int\u00e9ressantes sur le plan d\u00e9fensif et sur le plan offensif. Il faut surtout s&rsquo;attacher \u00e0 rendre une belle copie sur le plan offensif. Si on fait \u00e7a, on a des chances d&rsquo;avoir un bon r\u00e9sultat. Il ne faut pas mettre la charrue avant les b\u0153ufs. Mon id\u00e9e, c&rsquo;est de rendre le meilleur match possible pour pouvoir faire un bon r\u00e9sultat\u00a0\u00bb. Pour le moment, \u00e7a marche. Les joueurs semblent adh\u00e9rer \u00e0 son discours et \u00e0 sa m\u00e9thode. Aller l\u2019emporter sur la pelouse de Versailles, qui r\u00e9alise un excellent d\u00e9but de saison et \u00e9tait troisi\u00e8me au moment de recevoir les Normands, en est une preuve.<\/p>\n<p>Des stats implacables : moins de buts encaiss\u00e9s, plus de buts marqu\u00e9s<\/p>\n<p>D\u00e9fensivement la m\u00e9thode \u00e0 l\u2019air de fonctionner. La moyenne de 1,8 but encaiss\u00e9 depuis le d\u00e9but de saison sous David Carr\u00e9 est descendue \u00e0 0,66 avec Fabien Val\u00e9ri. Offensivement, \u00e7a prend aussi. Celle des buts marqu\u00e9s a fortement augment\u00e9, passant de 0,8 \u00e0 2. Tr\u00e8s pr\u00e9cis dans ce qu\u2019il veut, l\u2019entra\u00eeneur de 51 ans fait donc dans le d\u00e9tail. \u00ab\u00a0J\u2019insiste sur ce qu&rsquo;on doit faire avec et sans la balle, je suis tr\u00e8s m\u00e9ticuleux l\u00e0-dessus. Il faut \u00eatre disciplin\u00e9\u00a0\u00bb. La solidarit\u00e9 fait \u00e9galement partie de ses instructions. \u00ab\u00a0Apr\u00e8s, j\u2019insiste aussi sur le fait qu&rsquo;il faut beaucoup d&rsquo;engagement, avoir la gnaque, \u00eatre d\u00e9termin\u00e9 et collectivement avoir un \u00e9tat d\u2019esprit. Quel que soit ce qui peut arriver sur le terrain, on est tous ensemble, on est une \u00e9quipe, on forme un groupe et on est tous l\u00e0 les uns pour les autres\u00a0\u00bb. Et c\u2019est ce qu\u2019on a pu observer ce vendredi face \u00e0 Fleury.<\/p>\n<p>Face \u00e0 une \u00e9quipe qui pointait \u00e0 la 10e place avant la rencontre, Fabien Val\u00e9ri a voulu que son \u00e9quipe joue en bloc. \u00ab\u00a0C\u2019est un bon point contre une \u00e9quipe qui cherchait \u00e0 nous fixer \u00e0 l&rsquo;int\u00e9rieur pour trouver les c\u00f4t\u00e9s et alimenter la surface. Notre id\u00e9e, c&rsquo;\u00e9tait d&rsquo;\u00eatre compact, essayer de bien d\u00e9fendre ensemble, en s&rsquo;\u00e9conomisant et surtout en gardant des forces pour bien contre-attaquer, bien se projeter apr\u00e8s avec le ballon\u00a0\u00bb. Apr\u00e8s 20 minutes un peu en dedans, les L\u00e9opards ont commenc\u00e9 \u00e0 se projeter et ont ouvert le score par Kembo Diliwidi (23\u2019). Mais il reste du chemin selon le technicien. \u00ab\u00a0Quand on a la balle, il faut faire mieux sur le plan de la ma\u00eetrise. En premi\u00e8re mi-temps, on a eu un peu de f\u00e9brilit\u00e9. En deuxi\u00e8me, on n&rsquo;a pas vu \u00e7a. On ressortait, on n&rsquo;avait pas peur, il y avait plus de justesse\u00a0\u00bb. Si les progr\u00e8s se mesurent sur le plan comptable, ils sont \u00e9galement visibles aussi sur le terrain, mais le chemin vers le TOP 6 est encore long.<\/p>\n","protected":false},"excerpt":{"rendered":"&#13; Accueil \/ Actualit\u00e9s \/ QRM \/ Trois matchs sans d\u00e9faite, deux victoires et un nul. Qu\u2019est-ce Fabien&hellip;\n","protected":false},"author":2,"featured_media":440541,"comment_status":"","ping_status":"","sticky":false,"template":"","format":"standard","meta":{"footnotes":""},"categories":[9587],"tags":[1111,11,1777,674,1011,27,12,5161,25,9590],"class_list":{"0":"post-440540","1":"post","2":"type-post","3":"status-publish","4":"format-standard","5":"has-post-thumbnail","7":"category-rouen","8":"tag-actu","9":"tag-actualites","10":"tag-eu","11":"tag-europe","12":"tag-fr","13":"tag-france","14":"tag-news","15":"tag-normandie","16":"tag-republique-francaise","17":"tag-rouen"},"share_on_mastodon":{"url":"https:\/\/pubeurope.com\/@fr\/115321052440058302","error":""},"_links":{"self":[{"href":"https:\/\/www.europesays.com\/fr\/wp-json\/wp\/v2\/posts\/440540","targetHints":{"allow":["GET"]}}],"collection":[{"href":"https:\/\/www.europesays.com\/fr\/wp-json\/wp\/v2\/posts"}],"about":[{"href":"https:\/\/www.europesays.com\/fr\/wp-json\/wp\/v2\/types\/post"}],"author":[{"embeddable":true,"href":"https:\/\/www.europesays.com\/fr\/wp-json\/wp\/v2\/users\/2"}],"replies":[{"embeddable":true,"href":"https:\/\/www.europesays.com\/fr\/wp-json\/wp\/v2\/comments?post=440540"}],"version-history":[{"count":0,"href":"https:\/\/www.europesays.com\/fr\/wp-json\/wp\/v2\/posts\/440540\/revisions"}],"wp:featuredmedia":[{"embeddable":true,"href":"https:\/\/www.europesays.com\/fr\/wp-json\/wp\/v2\/media\/440541"}],"wp:attachment":[{"href":"https:\/\/www.europesays.com\/fr\/wp-json\/wp\/v2\/media?parent=440540"}],"wp:term":[{"taxonomy":"category","embeddable":true,"href":"https:\/\/www.europesays.com\/fr\/wp-json\/wp\/v2\/categories?post=440540"},{"taxonomy":"post_tag","embeddable":true,"href":"https:\/\/www.europesays.com\/fr\/wp-json\/wp\/v2\/tags?post=440540"}],"curies":[{"name":"wp","href":"https:\/\/api.w.org\/{rel}","templated":true}]}}