{"id":440559,"date":"2025-10-05T10:31:15","date_gmt":"2025-10-05T10:31:15","guid":{"rendered":"https:\/\/www.europesays.com\/fr\/440559\/"},"modified":"2025-10-05T10:31:15","modified_gmt":"2025-10-05T10:31:15","slug":"lyon-bordeaux-d3f-le-groupe-des-girondins-pour-ce-choc-a-12h","status":"publish","type":"post","link":"https:\/\/www.europesays.com\/fr\/440559\/","title":{"rendered":"Lyon-Bordeaux (D3F) : le groupe des Girondins pour ce choc \u00e0 12h"},"content":{"rendered":"<p><img decoding=\"async\" src=\"https:\/\/www.europesays.com\/fr\/wp-content\/uploads\/2025\/10\/671_cdba2ec1a08d27481012104139a8b5c6.jpg\" alt=\"Lyon-Bordeaux (D3F) : le groupe des Girondins pour ce choc \u00e0 12h\" class=\"img-responsive mt-3\"\/><\/p>\n<p class=\"text-center mb-3\" style=\"font-size: 14px\">\u00a9 Iconsport<\/p>\n<p>      <strong>D3F : Le groupe des Girondins de Bordeaux face \u00e0 l&rsquo;OL\u00a0<\/strong><\/p>\n<p>Bordeaux 6e, se d\u00e9place chez le premier du championnat, la r\u00e9serve d&rsquo;OL Lyonnes ce dimanche \u00e0 12h.<\/p>\n<p>Voici le groupe :<\/p>\n<p><strong>Gardiennes<\/strong> : Pissard, Roubine<\/p>\n<p><strong>D\u00e9fenseuses<\/strong> : Meunier, Wong, Cheyroux, Besnard, Dufau<\/p>\n<p><strong>Milieux<\/strong> : Robeiro, Roux, Dcourege, Renard, Sebti<\/p>\n<p><strong>Attaquantes<\/strong> : Berte, Guellil, Danguiat, Dubuisson<\/p>\n<p>Le coup d&rsquo;envoi du match est \u00e0 12h. La rencontre est \u00e0 suivre en live texte sur WebGirondins d\u00e8s 11h45.<\/p>\n<p class=\"px-0\">\u00c0 lire &gt;&gt; <strong><a href=\"https:\/\/www.webgirondins.com\/actualite-girondins-girondins-matthieu-villette-savoure-la-victoire-et-previent-avant-la-roche-130686\" target=\"_blank\" rel=\"noopener\">Matthieu Villette savoure la victoire et pr\u00e9vient avant La Roche<\/a><\/strong><\/p>\n<p class=\"px-0\">\u00a0<\/p>\n","protected":false},"excerpt":{"rendered":"\u00a9 Iconsport D3F : Le groupe des Girondins de Bordeaux face \u00e0 l&rsquo;OL\u00a0 Bordeaux 6e, se d\u00e9place chez&hellip;\n","protected":false},"author":2,"featured_media":440560,"comment_status":"","ping_status":"","sticky":false,"template":"","format":"standard","meta":{"footnotes":""},"categories":[2817],"tags":[1111,11,3987,1997,2918,43480,6664,8374,1777,674,4283,1011,27,1987,2705,3465,2428,56744,12497,12,2219,241,471,25],"class_list":{"0":"post-440559","1":"post","2":"type-post","3":"status-publish","4":"format-standard","5":"has-post-thumbnail","7":"category-bordeaux","8":"tag-actu","9":"tag-actualites","10":"tag-affronter","11":"tag-bordeaux","12":"tag-choc","13":"tag-deplacent","14":"tag-dimanche","15":"tag-division","16":"tag-eu","17":"tag-europe","18":"tag-feminine","19":"tag-fr","20":"tag-france","21":"tag-girondins","22":"tag-groupe","23":"tag-journee","24":"tag-lyon","25":"tag-lyonnes","26":"tag-meyzieu","27":"tag-news","28":"tag-nouvelle-aquitaine","29":"tag-ol","30":"tag-pour","31":"tag-republique-francaise"},"share_on_mastodon":{"url":"https:\/\/pubeurope.com\/@fr\/115321103316733790","error":""},"_links":{"self":[{"href":"https:\/\/www.europesays.com\/fr\/wp-json\/wp\/v2\/posts\/440559","targetHints":{"allow":["GET"]}}],"collection":[{"href":"https:\/\/www.europesays.com\/fr\/wp-json\/wp\/v2\/posts"}],"about":[{"href":"https:\/\/www.europesays.com\/fr\/wp-json\/wp\/v2\/types\/post"}],"author":[{"embeddable":true,"href":"https:\/\/www.europesays.com\/fr\/wp-json\/wp\/v2\/users\/2"}],"replies":[{"embeddable":true,"href":"https:\/\/www.europesays.com\/fr\/wp-json\/wp\/v2\/comments?post=440559"}],"version-history":[{"count":0,"href":"https:\/\/www.europesays.com\/fr\/wp-json\/wp\/v2\/posts\/440559\/revisions"}],"wp:featuredmedia":[{"embeddable":true,"href":"https:\/\/www.europesays.com\/fr\/wp-json\/wp\/v2\/media\/440560"}],"wp:attachment":[{"href":"https:\/\/www.europesays.com\/fr\/wp-json\/wp\/v2\/media?parent=440559"}],"wp:term":[{"taxonomy":"category","embeddable":true,"href":"https:\/\/www.europesays.com\/fr\/wp-json\/wp\/v2\/categories?post=440559"},{"taxonomy":"post_tag","embeddable":true,"href":"https:\/\/www.europesays.com\/fr\/wp-json\/wp\/v2\/tags?post=440559"}],"curies":[{"name":"wp","href":"https:\/\/api.w.org\/{rel}","templated":true}]}}