{"id":440563,"date":"2025-10-05T10:33:14","date_gmt":"2025-10-05T10:33:14","guid":{"rendered":"https:\/\/www.europesays.com\/fr\/440563\/"},"modified":"2025-10-05T10:33:14","modified_gmt":"2025-10-05T10:33:14","slug":"top-14-depuis-quand-toulouse-na-pas-ete-au-complet-face-a-bayonne","status":"publish","type":"post","link":"https:\/\/www.europesays.com\/fr\/440563\/","title":{"rendered":"Top 14. Depuis quand Toulouse n&rsquo;a pas \u00e9t\u00e9 au complet face \u00e0 Bayonne\u00a0?"},"content":{"rendered":"<p>            Par<br \/>\n        <strong><br \/>\n            <a href=\"https:\/\/actu.fr\/auteur\/tanguy-scigala\" title=\"Consulter tous les articles de Tanguy Scigala\" target=\"_blank\" rel=\"noopener\">Tanguy Scigala<\/a><br \/>\n        <\/strong><\/p>\n<p>        Publi\u00e9 le<\/p>\n<p>            5 oct. 2025 \u00e0 12h01        <\/p>\n<p><a href=\"https:\/\/actu.fr\/tag\/aviron-bayonnais\" target=\"_blank\" rel=\"noopener\">Bayonne<\/a> va affronter le <a href=\"https:\/\/actu.fr\/tag\/stade-toulousain\" target=\"_blank\" rel=\"noopener\">Stade Toulousain<\/a> et ses internationaux, enfin. En cause, les rencontres entre les Bayonnais et les Toulousains se jouent presque exclusivement en p\u00e9riode de doublons. Depuis cinq saisons, les Basques doivent se frotter \u00e0 de nombreux jeunes joueurs issus de la formation toulousaine et cela n\u2019est pas sans d\u00e9plaire \u00e0 Philippe Tayeb, qui veut \u00ab\u2009assumer les ambitions du club\u2009\u00bb.<\/p>\n<p class=\" wall-content\">La derni\u00e8re fois que l\u2019Aviron avait affront\u00e9 Toulouse en pleine possession de ses moyens, en phase r\u00e9guli\u00e8re, remonte \u00e0 d\u00e9j\u00e0 bien longtemps. Il faut remonter \u00e0 2020, le 5\u00a0d\u00e9cembre pr\u00e9cis\u00e9ment. \u00c0 l\u2019\u00e9poque, les joueurs d\u2019<a href=\"https:\/\/actu.fr\/tag\/ugo-mola\" target=\"_blank\" rel=\"noopener\">Ugo Mola<\/a> s\u2019\u00e9taient impos\u00e9s \u00e0 Jean-Dauger. Depuis, les effectifs ont bien chang\u00e9.<\/p>\n<p>Dupont et Ramos \u00e9taient \u00e0 la charni\u00e8re<\/p>\n<p class=\" wall-content\">En cinq ann\u00e9es, il y a eu beaucoup de mouvements de part et d\u2019autre. Si <a href=\"https:\/\/actu.fr\/tag\/antoine-dupont\" target=\"_blank\" rel=\"noopener\">Antoine Dupont<\/a> et <a href=\"https:\/\/actu.fr\/tag\/thomas-ramos\" target=\"_blank\" rel=\"noopener\">Thomas Ramos<\/a> \u00e9taient align\u00e9s \u00e0 la charni\u00e8re, Maxime M\u00e9dard portait le num\u00e9ro 15 tandis que la troisi\u00e8me ligne \u00e9tait compos\u00e9e d\u2019Alban Placines (auteur d\u2019un doubl\u00e9 ce soir-l\u00e0), Rynhardt Elstadt et Louis-Beno\u00eet Madaule portait le num\u00e9ro 8.<\/p>\n<p class=\" wall-content\">Du c\u00f4t\u00e9 des Bayonnais, il y a eu \u00e9galement beaucoup de mouvements depuis\u2009: Maxime Lafage, Ugo Boniface, Aymeric Luc ou encore Ga\u00ebtan Germain \u00e9taient tous titulaires ce soir-l\u00e0. Malgr\u00e9 l\u2019armada envoy\u00e9e, les Basques s\u2019\u00e9taient inclin\u00e9s 20 \u00e0 24 \u00e0 domicile. Il s\u2019agit l\u00e0, d\u2019ailleurs, de leur derni\u00e8re d\u00e9faite \u00e0 domicile face au Stade Toulousain.<\/p>\n<p class=\" wall-content\">\u00ab\u2009Si on veut \u00eatre dans la cour des grands, il faut jouer le Stade Toulousain en toute possession de ses moyens\u2009\u00bb d\u00e9clarait r\u00e9cemment le pr\u00e9sident Tayeb, son souhait est exauc\u00e9. Cinq ans apr\u00e8s, Bayonne retrouve enfin le triple champion de France dans un contexte in\u00e9dit\u2009: pas de doublons, deux effectifs quasi complets, et un Jean-Dauger pr\u00eat \u00e0 vibrer. De quoi donner un parfum particulier \u00e0 ce choc dominical.<\/p>\n<p>Les compositions du match<\/p>\n<p class=\" wall-content\"><strong>Stade Toulousain :\u00a0<\/strong>Bertrand \u2013 Lacombre \u2013 Aldegheri ; Jelonch \u2013 Verg\u00e9 ; Willis \u2013 T. Ntamack \u2013 Roumat ; Graou (m) \u2013 R. Ntamack (o) ; Lebel \u2013 Ahki \u2013 Costes \u2013 Delibes ; Kinghorn.<\/p>\n<p class=\" wall-content\"><strong>Rempla\u00e7ants :\u00a0<\/strong>Cramont, Neti, Flament, Elias, Banos, Saito, Ramos, Merkler.<\/p>\n<p class=\" wall-content\"><strong>Aviron Bayonnais :\u00a0<\/strong>Bordelai \u2013 Bosch \u2013 Setiano ; Iturria \u2013 Johnson ; Fischer \u2013 Leota \u2013 Capilla ; Germain (m) \u2013 Segonds (o) ; Erbinartegaray \u2013 Tuilagi \u2013 Martocq \u2013 Spring ; Orab\u00e9.<\/p>\n<p>Votre r\u00e9gion, votre actu !<\/p>\n<p>Recevez chaque jour les infos qui comptent pour vous.<\/p>\n<p>\t<a href=\"https:\/\/actu.fr\/newsletter\" class=\"ac-btn ac-btn--corner ac-btn--medium ac-btn--blue800\" target=\"_blank\" rel=\"noopener\">S&rsquo;incrire<\/a><\/p>\n<p class=\" wall-content\"><strong>Rempla\u00e7ants :<\/strong> Martin, Castillon, Moon, H\u00e9guy, Habel-Kueffner, Machenaud, Tiberghien, Cotet.<\/p>\n<p class=\" wall-content\">Personnalisez votre actualit\u00e9 en ajoutant vos villes et m\u00e9dias en favori avec <a href=\"https:\/\/moncompte.actu.fr\" title=\"D\u00e9couvez Mon Actu\" rel=\"nofollow noopener\" data-trk=\"{&quot;cta&quot;:{&quot;action&quot;:&quot;https:\\\/\\\/moncompte.actu.fr&quot;,&quot;category&quot;:&quot;mon compte&quot;,&quot;from&quot;:&quot;article footer&quot;,&quot;name&quot;:&quot;Mon actu&quot;,&quot;type&quot;:&quot;cta&quot;}}\" target=\"_blank\">Mon Actu<\/a>.<\/p>\n","protected":false},"excerpt":{"rendered":"Par Tanguy Scigala Publi\u00e9 le 5 oct. 2025 \u00e0 12h01 Bayonne va affronter le Stade Toulousain et ses&hellip;\n","protected":false},"author":2,"featured_media":440564,"comment_status":"","ping_status":"","sticky":false,"template":"","format":"standard","meta":{"footnotes":""},"categories":[2816],"tags":[1111,11,4736,1777,674,1011,27,12,2680,25,479,60,476,478,2312],"class_list":{"0":"post-440563","1":"post","2":"type-post","3":"status-publish","4":"format-standard","5":"has-post-thumbnail","7":"category-toulouse","8":"tag-actu","9":"tag-actualites","10":"tag-aviron-bayonnais","11":"tag-eu","12":"tag-europe","13":"tag-fr","14":"tag-france","15":"tag-news","16":"tag-occitanie","17":"tag-republique-francaise","18":"tag-rugby","19":"tag-sports","20":"tag-stade-toulousain","21":"tag-top-14","22":"tag-toulouse"},"share_on_mastodon":{"url":"https:\/\/pubeurope.com\/@fr\/115321110691999020","error":""},"_links":{"self":[{"href":"https:\/\/www.europesays.com\/fr\/wp-json\/wp\/v2\/posts\/440563","targetHints":{"allow":["GET"]}}],"collection":[{"href":"https:\/\/www.europesays.com\/fr\/wp-json\/wp\/v2\/posts"}],"about":[{"href":"https:\/\/www.europesays.com\/fr\/wp-json\/wp\/v2\/types\/post"}],"author":[{"embeddable":true,"href":"https:\/\/www.europesays.com\/fr\/wp-json\/wp\/v2\/users\/2"}],"replies":[{"embeddable":true,"href":"https:\/\/www.europesays.com\/fr\/wp-json\/wp\/v2\/comments?post=440563"}],"version-history":[{"count":0,"href":"https:\/\/www.europesays.com\/fr\/wp-json\/wp\/v2\/posts\/440563\/revisions"}],"wp:featuredmedia":[{"embeddable":true,"href":"https:\/\/www.europesays.com\/fr\/wp-json\/wp\/v2\/media\/440564"}],"wp:attachment":[{"href":"https:\/\/www.europesays.com\/fr\/wp-json\/wp\/v2\/media?parent=440563"}],"wp:term":[{"taxonomy":"category","embeddable":true,"href":"https:\/\/www.europesays.com\/fr\/wp-json\/wp\/v2\/categories?post=440563"},{"taxonomy":"post_tag","embeddable":true,"href":"https:\/\/www.europesays.com\/fr\/wp-json\/wp\/v2\/tags?post=440563"}],"curies":[{"name":"wp","href":"https:\/\/api.w.org\/{rel}","templated":true}]}}