{"id":440567,"date":"2025-10-05T10:36:18","date_gmt":"2025-10-05T10:36:18","guid":{"rendered":"https:\/\/www.europesays.com\/fr\/440567\/"},"modified":"2025-10-05T10:36:18","modified_gmt":"2025-10-05T10:36:18","slug":"lecologie-nest-pas-une-variable-dajustement","status":"publish","type":"post","link":"https:\/\/www.europesays.com\/fr\/440567\/","title":{"rendered":"L&rsquo;\u00e9cologie n&rsquo;est pas une variable d&rsquo;ajustement\u00a0!"},"content":{"rendered":"<p>Les canicules \u00e0 r\u00e9p\u00e9tition ont \u00e9prouv\u00e9 les villes comme les campagnes. Aux temp\u00e9ratures caniculaires se sont ajout\u00e9s <a href=\"https:\/\/www.laprovence.com\/article\/faits-divers-justice\/2637162987079814\/var-plusieurs-milliers-de-metres-carres-parcourus-par-un-incendie-a-frejus\" target=\"_blank\" rel=\"noopener\">les incendies<\/a> qui ont ravag\u00e9 une fois de plus des hectares dans le Var et les Alpes-Maritimes. L&rsquo;atmosph\u00e8re pollu\u00e9e, combin\u00e9e \u00e0 la chaleur, a aggrav\u00e9 les pathologies respiratoires dans les agglom\u00e9rations, alors que les services d&rsquo;urgence se sont retrouv\u00e9s satur\u00e9s. Rel\u00e9guer la pr\u00e9vention des risques climatiques au rang de variable d&rsquo;ajustement ne fait qu&rsquo;alimenter le cercle\u00a0vicieux des catastrophes.\u00a0Comme chaque \u00e9t\u00e9 d\u00e9sormais, la s\u00e9cheresse a frapp\u00e9 de plein fouet les territoires r\u00e9gionaux.<\/p>\n<p>Le symbole de la Loi Duplomb<\/p>\n<p>Les cours d&rsquo;eau du Var et des Alpes-de-Haute-Provence se sont ass\u00e9ch\u00e9s, <a href=\"https:\/\/www.laprovence.com\/article\/ecoplanete\/39177498659470\/secheresse-en-provence-quelles-communes-sont-concernees-par-les-restrictions-d-eau\" target=\"_blank\" rel=\"noopener\">des restrictions\u00a0d&rsquo;usage<\/a> ont \u00e9t\u00e9 impos\u00e9es, souvent tardivement, et les conflits d&rsquo;usages ont augment\u00e9. Alors\u00a0qu&rsquo;une politique r\u00e9solue de sobri\u00e9t\u00e9 et de partage appara\u00eet n\u00e9cessaire, se multiplient des\u00a0solutions dilatoires qui aggravent les tensions au lieu de les apaiser.<\/p>\n<p>Au plan national, le vote de <a href=\"https:\/\/www.laprovence.com\/article\/societe\/1573499326227714\/loi-duplomb-la-petition-qui-a-rassemble-plus-de-2-millions-de-signatures-sera-examinee-a-lassemblee-nationale\" target=\"_blank\" rel=\"noopener\">la loi Duplomb<\/a> en juillet constitue une illustration significative des reculs constat\u00e9s dans le domaine des politiques environnementales. Alors qu&rsquo;elle a failli r\u00e9introduire l&rsquo;autorisatio&#8230;<\/p>\n","protected":false},"excerpt":{"rendered":"Les canicules \u00e0 r\u00e9p\u00e9tition ont \u00e9prouv\u00e9 les villes comme les campagnes. Aux temp\u00e9ratures caniculaires se sont ajout\u00e9s les&hellip;\n","protected":false},"author":2,"featured_media":440568,"comment_status":"","ping_status":"","sticky":false,"template":"","format":"standard","meta":{"footnotes":""},"categories":[2814],"tags":[17,1111,11,898,56747,436,1777,674,1011,27,56745,884,5201,12,5261,882,25,96,56746],"class_list":{"0":"post-440567","1":"post","2":"type-post","3":"status-publish","4":"format-standard","5":"has-post-thumbnail","7":"category-marseille","8":"tag-17","9":"tag-actu","10":"tag-actualites","11":"tag-alerte","12":"tag-dajustement","13":"tag-environnement","14":"tag-eu","15":"tag-europe","16":"tag-fr","17":"tag-france","18":"tag-lecologie","19":"tag-marseille","20":"tag-nest","21":"tag-news","22":"tag-pas","23":"tag-provence-alpes-cote-dazur","24":"tag-republique-francaise","25":"tag-une","26":"tag-variable"},"share_on_mastodon":{"url":"https:\/\/pubeurope.com\/@fr\/115321122575553590","error":""},"_links":{"self":[{"href":"https:\/\/www.europesays.com\/fr\/wp-json\/wp\/v2\/posts\/440567","targetHints":{"allow":["GET"]}}],"collection":[{"href":"https:\/\/www.europesays.com\/fr\/wp-json\/wp\/v2\/posts"}],"about":[{"href":"https:\/\/www.europesays.com\/fr\/wp-json\/wp\/v2\/types\/post"}],"author":[{"embeddable":true,"href":"https:\/\/www.europesays.com\/fr\/wp-json\/wp\/v2\/users\/2"}],"replies":[{"embeddable":true,"href":"https:\/\/www.europesays.com\/fr\/wp-json\/wp\/v2\/comments?post=440567"}],"version-history":[{"count":0,"href":"https:\/\/www.europesays.com\/fr\/wp-json\/wp\/v2\/posts\/440567\/revisions"}],"wp:featuredmedia":[{"embeddable":true,"href":"https:\/\/www.europesays.com\/fr\/wp-json\/wp\/v2\/media\/440568"}],"wp:attachment":[{"href":"https:\/\/www.europesays.com\/fr\/wp-json\/wp\/v2\/media?parent=440567"}],"wp:term":[{"taxonomy":"category","embeddable":true,"href":"https:\/\/www.europesays.com\/fr\/wp-json\/wp\/v2\/categories?post=440567"},{"taxonomy":"post_tag","embeddable":true,"href":"https:\/\/www.europesays.com\/fr\/wp-json\/wp\/v2\/tags?post=440567"}],"curies":[{"name":"wp","href":"https:\/\/api.w.org\/{rel}","templated":true}]}}