{"id":44057,"date":"2025-04-22T13:32:09","date_gmt":"2025-04-22T13:32:09","guid":{"rendered":"https:\/\/www.europesays.com\/fr\/44057\/"},"modified":"2025-04-22T13:32:09","modified_gmt":"2025-04-22T13:32:09","slug":"est-il-vrai-que-les-retraites-ont-perdu-10-de-pouvoir-dachat-ces-vingt-dernieres-annees-comme-laffirme-le-depute-rn-laurent-jacobelli-liberation","status":"publish","type":"post","link":"https:\/\/www.europesays.com\/fr\/44057\/","title":{"rendered":"Est-il vrai que les retrait\u00e9s ont perdu 10\u00a0% de pouvoir d\u2019achat ces vingt derni\u00e8res ann\u00e9es, comme l\u2019affirme le d\u00e9put\u00e9 RN Laurent Jacobelli\u00a0? \u2013 Lib\u00e9ration"},"content":{"rendered":"<p class=\"sc-cPiKLX AiZTS text-element\">Alors que le gouvernement est \u00e0 la recherche d\u2019\u00e9conomies pour 2026, le d\u00e9put\u00e9 RN de Moselle, Laurent Jacobelli, \u00e9tait <a href=\"https:\/\/www.tf1.fr\/tf1\/bonjour-la-matinale-tf1\/videos\/en-toute-franchise-laurent-jacobelli-30449665.html\" target=\"_blank\" rel=\"noreferrer nofollow noopener\" title=\"https:\/\/www.tf1.fr\/tf1\/bonjour-la-matinale-tf1\/videos\/en-toute-franchise-laurent-jacobelli-30449665.html\">interrog\u00e9, lundi 21 avril sur TF1<\/a>, sur <a href=\"https:\/\/www.liberation.fr\/economie\/budget-2026-la-ministre-amelie-de-montchalin-necarte-pas-la-suppression-de-labattement-fiscal-des-retraites-20250420_NMADYJAAVZFVLPYGWEB44M6NLA\/\" target=\"_blank\" rel=\"nofollow noopener\">l\u2019\u00e9ventuelle suppression de l\u2019abattement fiscal de 10 % des retrait\u00e9s<\/a>. Une piste rejet\u00e9e par l\u2019\u00e9lu, qui estime que cette cat\u00e9gorie de la population a d\u00e9j\u00e0 subi une importante d\u00e9gradation de son niveau vie : \u00abDepuis vingt ans, les retrait\u00e9s ont perdu dix points de pouvoir d\u2019achat, puisque la revalorisation des retraites n\u2019a pas suivi l\u2019inflation. Il y a un \u00e9cart de dix points, donc finalement, ils ont d\u00e9j\u00e0 contribu\u00e9 de 10 %\u00bb, a-t-il affirm\u00e9.<\/p>\n<p class=\"sc-cPiKLX AiZTS text-element\">Tout d\u00e9pend, en r\u00e9alit\u00e9, des retrait\u00e9s dont on parle. En moyenne, sur les vingt-cinq derni\u00e8res ann\u00e9es, le niveau de vie des retrait\u00e9s en euros constants (apr\u00e8s avoir retranch\u00e9 l\u2019inflation) a progress\u00e9. Autrement dit, l\u2019ensemble des personnes \u00e0 la retraite en 2024 a un niveau de vie r\u00e9el sup\u00e9rieur de 23 % \u00e0 celles \u00e0 la retraite en 1996, <\/p>\n","protected":false},"excerpt":{"rendered":"Alors que le gouvernement est \u00e0 la recherche d\u2019\u00e9conomies pour 2026, le d\u00e9put\u00e9 RN de Moselle, Laurent Jacobelli,&hellip;\n","protected":false},"author":2,"featured_media":44058,"comment_status":"","ping_status":"","sticky":false,"template":"","format":"standard","meta":{"footnotes":""},"categories":[2],"tags":[11,1011,27,12,13176,2848],"class_list":{"0":"post-44057","1":"post","2":"type-post","3":"status-publish","4":"format-standard","5":"has-post-thumbnail","7":"category-actualites","8":"tag-actualites","9":"tag-fr","10":"tag-france","11":"tag-news","12":"tag-pouvoir-d-achat","13":"tag-rn"},"share_on_mastodon":{"url":"https:\/\/pubeurope.com\/@fr\/114381871097773141","error":""},"_links":{"self":[{"href":"https:\/\/www.europesays.com\/fr\/wp-json\/wp\/v2\/posts\/44057","targetHints":{"allow":["GET"]}}],"collection":[{"href":"https:\/\/www.europesays.com\/fr\/wp-json\/wp\/v2\/posts"}],"about":[{"href":"https:\/\/www.europesays.com\/fr\/wp-json\/wp\/v2\/types\/post"}],"author":[{"embeddable":true,"href":"https:\/\/www.europesays.com\/fr\/wp-json\/wp\/v2\/users\/2"}],"replies":[{"embeddable":true,"href":"https:\/\/www.europesays.com\/fr\/wp-json\/wp\/v2\/comments?post=44057"}],"version-history":[{"count":0,"href":"https:\/\/www.europesays.com\/fr\/wp-json\/wp\/v2\/posts\/44057\/revisions"}],"wp:featuredmedia":[{"embeddable":true,"href":"https:\/\/www.europesays.com\/fr\/wp-json\/wp\/v2\/media\/44058"}],"wp:attachment":[{"href":"https:\/\/www.europesays.com\/fr\/wp-json\/wp\/v2\/media?parent=44057"}],"wp:term":[{"taxonomy":"category","embeddable":true,"href":"https:\/\/www.europesays.com\/fr\/wp-json\/wp\/v2\/categories?post=44057"},{"taxonomy":"post_tag","embeddable":true,"href":"https:\/\/www.europesays.com\/fr\/wp-json\/wp\/v2\/tags?post=44057"}],"curies":[{"name":"wp","href":"https:\/\/api.w.org\/{rel}","templated":true}]}}