{"id":440575,"date":"2025-10-05T10:41:11","date_gmt":"2025-10-05T10:41:11","guid":{"rendered":"https:\/\/www.europesays.com\/fr\/440575\/"},"modified":"2025-10-05T10:41:11","modified_gmt":"2025-10-05T10:41:11","slug":"les-grands-projets-dandrea-rotger-miss-val-doise-2025","status":"publish","type":"post","link":"https:\/\/www.europesays.com\/fr\/440575\/","title":{"rendered":"Les grands projets d&rsquo;Andr\u00e9a Rotger, Miss Val-d&rsquo;Oise 2025"},"content":{"rendered":"<p>            Par<br \/>\n        <strong><br \/>\n            <a href=\"https:\/\/actu.fr\/auteur\/farid-rouas\" title=\"Consulter tous les articles de Farid Rouas\" rel=\"nofollow noopener\" target=\"_blank\">Farid Rouas<\/a><br \/>\n        <\/strong><\/p>\n<p>        Publi\u00e9 le<\/p>\n<p>            5 oct. 2025 \u00e0 11h50        <\/p>\n<p>Le verdict est tomb\u00e9 : Andr\u00e9a Rotger, <b>Miss Val-d\u2019Oise 2025<\/b>, ne repr\u00e9sentera pas l\u2019\u00cele-de-France \u00e0 la prochaine \u00e9lection de <b>Miss France<\/b>, le 13 d\u00e9cembre 2025.<\/p>\n<p class=\" wall-content\">Une d\u00e9ception vite dig\u00e9r\u00e9e. Car \u00e0 21 ans, la jeune habitante de <a href=\"https:\/\/actu.fr\/ile-de-france\/champagne-sur-oise_95134\" rel=\"nofollow noopener\" target=\"_blank\">Champagne-sur-Oise<\/a> a d\u00e9j\u00e0 l\u2019esprit tourn\u00e9 vers l\u2019avenir. \u00ab\u00a0J\u2019ai mille projets en t\u00eate\u00a0\u00bb, assure-t-elle, d\u00e9termin\u00e9e \u00e0 transformer son exp\u00e9rience en v\u00e9ritable tremplin.<\/p>\n<p>Projets \u00e0 la pelle<\/p>\n<p class=\" wall-content\">Couronn\u00e9e du <a href=\"https:\/\/actu.fr\/ile-de-france\/champagne-sur-oise_95134\/andrea-rotger-est-la-nouvelle-miss-val-doise-2025_62687070.html\" rel=\"nofollow noopener\" target=\"_blank\">titre d\u00e9partemental<\/a> le 3 mai dernier \u00e0 Beaumont-sur-Oise, Andr\u00e9a faisait partie des seize candidates en lice samedi 20 septembre pour le titre de Miss \u00cele-de-France.<\/p>\n<p class=\" wall-content\">\u00ab\u00a0Le dimanche, \u00e7a a \u00e9t\u00e9 compliqu\u00e9 de redescendre apr\u00e8s la pression et le stress. Mais d\u00e8s le lendemain, je pensais d\u00e9j\u00e0 \u00e0 mes projets\u00a0\u00bb, raconte-t-elle.<\/p>\n<p class=\" wall-content\">Issue d\u2019une famille de sportifs \u2013 un p\u00e8re cycliste et une m\u00e8re danseuse \u2013 elle a fait du sport sa passion et d\u00e9sormais son m\u00e9tier. Avec son fianc\u00e9, elle d\u00e9veloppe une activit\u00e9 de coaching autour du bien-\u00eatre, de la nutrition et de l\u2019esprit de communaut\u00e9.<\/p>\n<p class=\" wall-content\">\u00ab\u00a0J\u2019invite les gens \u00e0 \u00eatre plus en mouvement, \u00e0 avoir un mode de vie plus simple et plus actif\u00a0\u00bb, explique-t-elle.<\/p>\n<p>Vid\u00e9os : en ce moment sur ActuSport pour tous<\/p>\n<p class=\" wall-content\">La jeune Miss r\u00eave aussi de concr\u00e9tiser un projet ambitieux : ouvrir une structure dans le Val-d\u2019Oise regroupant salle de sport et espace nutrition.<\/p>\n<p class=\" wall-content\">\u00ab\u00a0Ce serait un lieu o\u00f9 chacun pourrait bouger et manger sainement, au m\u00eame endroit. Je pense que tout le monde peut int\u00e9grer 20 minutes de sport par jour dans sa routine\u00a0\u00bb, insiste-t-elle.<\/p>\n<p>Votre r\u00e9gion, votre actu !<\/p>\n<p>Recevez chaque jour les infos qui comptent pour vous.<\/p>\n<p>\t<a href=\"https:\/\/actu.fr\/newsletter\" class=\"ac-btn ac-btn--corner ac-btn--medium ac-btn--blue800\" rel=\"nofollow noopener\" target=\"_blank\">S&rsquo;incrire<\/a><\/p>\n<p class=\" wall-content\">Consciente de la concurrence qui l\u2019attend, Andr\u00e9a n\u2019est pas intimid\u00e9e pour autant. \u00ab\u00a0Le secteur n\u2019est pas encore bouch\u00e9. Et aujourd\u2019hui, le sport est devenu vital pour se sentir mieux dans son corps et son esprit.\u00a0\u00bb<\/p>\n<p class=\" wall-content\">Son objectif : accompagner toutes celles et ceux qui veulent plus d\u2019\u00e9nergie, perdre du poids, prendre de la masse musculaire ou simplement retrouver la forme. Le sport est plus qu\u2019une activit\u00e9 physique. Il fa\u00e7onne les identit\u00e9s, il influence les comportements individuels et collectifs.<\/p>\n<blockquote class=\"ac-article-quote wall-content\">\n<p>J\u2019ai \u00e9norm\u00e9ment grandi<\/p>\n<p>Andr\u00e9a Rotger, Miss Val-d\u2019Oise 2025<\/p><\/blockquote>\n<p class=\" wall-content\">L\u2019\u00e9charpe de Miss, elle ne compte pas la ranger tout de suite. Elle entend l\u2019utiliser comme levier pour multiplier les contacts, notamment autour d\u2019initiatives locales.<\/p>\n<p class=\" wall-content\">Octobre rose sera l\u2019occasion de participer \u00e0 des courses solidaires et d\u2019aller directement au-devant du public. \u00ab\u00a0On voit bien que porter une \u00e9charpe ouvre des portes : les gens viennent plus facilement nous parler, on est davantage invit\u00e9s \u00e0 des \u00e9v\u00e9nements\u00a0\u00bb, reconna\u00eet-elle.<\/p>\n<p>Gestion du stress<\/p>\n<p class=\" wall-content\">Dans le sport, on parle parfois de d\u00e9faite encourageante. Pour Andr\u00e9a, c\u2019est exactement ce qui s\u2019est produit.<\/p>\n<p class=\" wall-content\">\u00ab\u00a0J\u2019ai \u00e9norm\u00e9ment travaill\u00e9 sur la gestion du stress et la prise de parole. Un an plus t\u00f4t, je n\u2019aurais pas eu la m\u00eame confiance.\u00a0\u00bb Cette exp\u00e9rience, dit-elle, l\u2019a renforc\u00e9e : \u00ab\u00a0J\u2019ai \u00e9norm\u00e9ment grandi.\u00a0\u00bb<\/p>\n<p class=\" wall-content\">Elle se souvient pourtant avoir failli renoncer avant m\u00eame le casting de Miss Val-d\u2019Oise. <br \/>\u00ab\u00a0Nous \u00e9tions une cinquantaine pour une douzaine de places. Le matin, j\u2019ai dit \u00e0 mon copain que je ne voulais pas y aller, j\u2019avais trop peur. C\u2019est lui qui m\u2019a pouss\u00e9e. Et il a bien fait.\u00a0\u00bb<\/p>\n<p class=\" wall-content\">Aujourd\u2019hui, elle mesure l\u2019importance d\u2019\u00eatre entour\u00e9e. \u00ab\u00a0Que ce soit dans l\u2019entrepreneuriat ou dans un concours aussi exigeant, le soutien de la famille et des proches est essentiel.\u00a0\u00bb<\/p>\n<p>Une \u00e9charpe, un tremplin<\/p>\n<p class=\" wall-content\">D\u00e9termin\u00e9e, s\u00fbre d\u2019elle et \u00e9paul\u00e9e par un entourage solide, Andr\u00e9a est d\u00e9j\u00e0 pr\u00eate \u00e0 franchir de nouvelles \u00e9tapes.<\/p>\n<p class=\" wall-content\">Son titre de Miss Val-d\u2019Oise restera pour elle un tremplin. \u00ab\u00a0Il ne faut pas trop r\u00e9fl\u00e9chir. Il faut franchir le pas, il faut oser. Il faut s\u2019investir, il faut investir du temps\u00a0\u00bb, conclut-elle, convaincue d\u2019avoir trouv\u00e9 le bon moment pour b\u00e2tir l\u2019avenir qu\u2019elle imagine.<\/p>\n<p>    <a href=\"https:\/\/maps.google.com\/maps?q=49.136089,2.2350979&amp;z=15&amp;output=embed\" title=\"Ouvrie le lien\" rel=\"nofollow noopener\" target=\"_blank\">Cliquez ici pour visualiser le contenu<\/a><\/p>\n<p>Instagram : @fit_by_andrea Facebook : Andrea Curly<\/p>\n<p class=\" wall-content\">Personnalisez votre actualit\u00e9 en ajoutant vos villes et m\u00e9dias en favori avec <a href=\"https:\/\/moncompte.actu.fr\" title=\"D\u00e9couvez Mon Actu\" rel=\"nofollow noopener\" data-trk=\"{&quot;cta&quot;:{&quot;action&quot;:&quot;https:\\\/\\\/moncompte.actu.fr&quot;,&quot;category&quot;:&quot;mon compte&quot;,&quot;from&quot;:&quot;article footer&quot;,&quot;name&quot;:&quot;Mon actu&quot;,&quot;type&quot;:&quot;cta&quot;}}\" target=\"_blank\">Mon Actu<\/a>.<\/p>\n","protected":false},"excerpt":{"rendered":"Par Farid Rouas Publi\u00e9 le 5 oct. 2025 \u00e0 11h50 Le verdict est tomb\u00e9 : Andr\u00e9a Rotger, Miss&hellip;\n","protected":false},"author":2,"featured_media":440576,"comment_status":"","ping_status":"","sticky":false,"template":"","format":"standard","meta":{"footnotes":""},"categories":[1592],"tags":[1111,11,1777,674,1011,27,662,3034,12,626,25,104],"class_list":{"0":"post-440575","1":"post","2":"type-post","3":"status-publish","4":"format-standard","5":"has-post-thumbnail","7":"category-ile-de-france","8":"tag-actu","9":"tag-actualites","10":"tag-eu","11":"tag-europe","12":"tag-fr","13":"tag-france","14":"tag-ile-de-france","15":"tag-miss-france","16":"tag-news","17":"tag-paris","18":"tag-republique-francaise","19":"tag-societe"},"share_on_mastodon":{"url":"https:\/\/pubeurope.com\/@fr\/115321142318955951","error":""},"_links":{"self":[{"href":"https:\/\/www.europesays.com\/fr\/wp-json\/wp\/v2\/posts\/440575","targetHints":{"allow":["GET"]}}],"collection":[{"href":"https:\/\/www.europesays.com\/fr\/wp-json\/wp\/v2\/posts"}],"about":[{"href":"https:\/\/www.europesays.com\/fr\/wp-json\/wp\/v2\/types\/post"}],"author":[{"embeddable":true,"href":"https:\/\/www.europesays.com\/fr\/wp-json\/wp\/v2\/users\/2"}],"replies":[{"embeddable":true,"href":"https:\/\/www.europesays.com\/fr\/wp-json\/wp\/v2\/comments?post=440575"}],"version-history":[{"count":0,"href":"https:\/\/www.europesays.com\/fr\/wp-json\/wp\/v2\/posts\/440575\/revisions"}],"wp:featuredmedia":[{"embeddable":true,"href":"https:\/\/www.europesays.com\/fr\/wp-json\/wp\/v2\/media\/440576"}],"wp:attachment":[{"href":"https:\/\/www.europesays.com\/fr\/wp-json\/wp\/v2\/media?parent=440575"}],"wp:term":[{"taxonomy":"category","embeddable":true,"href":"https:\/\/www.europesays.com\/fr\/wp-json\/wp\/v2\/categories?post=440575"},{"taxonomy":"post_tag","embeddable":true,"href":"https:\/\/www.europesays.com\/fr\/wp-json\/wp\/v2\/tags?post=440575"}],"curies":[{"name":"wp","href":"https:\/\/api.w.org\/{rel}","templated":true}]}}