{"id":440579,"date":"2025-10-05T10:43:14","date_gmt":"2025-10-05T10:43:14","guid":{"rendered":"https:\/\/www.europesays.com\/fr\/440579\/"},"modified":"2025-10-05T10:43:14","modified_gmt":"2025-10-05T10:43:14","slug":"vetus-de-tenues-assorties-jeff-bezos-et-lauren-sanchez-se-baladent-dans-les-rues-de-paris","status":"publish","type":"post","link":"https:\/\/www.europesays.com\/fr\/440579\/","title":{"rendered":"V\u00eatus de tenues assorties, Jeff Bezos et Lauren Sanchez se baladent dans les rues de Paris"},"content":{"rendered":"<p>                                    <img decoding=\"async\" src=\"https:\/\/www.europesays.com\/fr\/wp-content\/uploads\/2025\/10\/8c4483f858101e9a3b4915a65c7c16aef34849efb7d172b44a7ccd45345358c3.jpg\" alt=\"Pourquoi le mariage de Jeff Bezos et Lauren S\u00e1nchez fait-il couler autant d\u2019encre\u00a0?\" class=\"a11y-hidden\" fetchpriority=\"high\"\/><\/p>\n<p>Pour se rendre au Grand Caf\u00e9, ce samedi, les \u00e9poux ont d\u00e9cid\u00e9 de s\u2019habiller de la m\u00eame fa\u00e7on. Le soir, Lauren S\u00e1nchez a assist\u00e9 au d\u00e9fil\u00e9 Balenciaga.<\/p>\n<p class=\"fig-paragraph\">Ils ne ratent jamais une occasion de se faire remarquer. Ce samedi 4 octobre, Jeff Bezos et Lauren S\u00e1nchez ont \u00e9t\u00e9 aper\u00e7us dans les rues de Paris. Les \u00e9poux s\u00e9journent actuellement dans la capitale fran\u00e7aise \u00e0 l\u2019occasion de la\u00a0<a href=\"https:\/\/madame.lefigaro.fr\/tag\/fashion-week\" target=\"_blank\" data-fig-type=\"Keyword\" rel=\"sponsored noopener\" data-gtm-custom-categorie=\"navigation\" data-gtm-custom-action=\"crossclick\" data-gtm-custom-label=\"Contextuel\" data-gtm-event=\"customEventSPE\" data-fig-domain=\"MADAME\">Fashion Week de Paris<\/a>. Ils ont d\u2019ailleurs voulu profiter d\u2019un d\u00e9jeuner typiquement fran\u00e7ais en se rendant au Grand Caf\u00e9, le tout nouveau restaurant qui se situe dans l\u2019enceinte du Grand Palais. Pour cette sortie, Lauren S\u00e1nchez et Jeff Bezos ont d\u00e9cid\u00e9 de marquer le coup et\u00a0<a href=\"http:\/\/madame.lefigaro.fr\/style\/news\/lunettes-aviateurs-costume-luisant-et-nuisette-en-satin-l-apparition-de-jeff-bezos-et-lauren-sanchez-a-la-fashion-week-de-new-york-20250914\" data-fig-type=\"Article\" data-gtm-custom-categorie=\"navigation\" data-gtm-custom-action=\"crossclick\" data-gtm-custom-label=\"Contextuel\" data-gtm-event=\"customEventSPE\" data-fig-domain=\"MADAME\" target=\"_blank\" rel=\"noopener\">d\u2019assortir leurs tenues.<\/a>\u00a0Le patron d\u2019Amazon portait un trench-coat gris, ainsi qu\u2019un jean et un t-shirt assortis \u00e0 son manteau. Quant \u00e0 son \u00e9pouse, elle avait opt\u00e9 pour un haut p\u00e9plum ainsi qu\u2019une jupe midi de la m\u00eame teinte que les v\u00eatements de son mari. La tenue de l\u2019ancienne animatrice de t\u00e9l\u00e9vision est issue de la collection printemps-\u00e9t\u00e9 1995 de\u00a0<a href=\"https:\/\/madame.lefigaro.fr\/tag\/john-galliano\" target=\"_blank\" data-fig-type=\"Keyword\" rel=\"sponsored noopener\" data-gtm-custom-categorie=\"navigation\" data-gtm-custom-action=\"crossclick\" data-gtm-custom-label=\"Contextuel\" data-gtm-event=\"customEventSPE\" data-fig-domain=\"MADAME\">John Galliano<\/a>, a-t-elle expliqu\u00e9 dans sa story Instagram. Main dans la main avec leurs lunettes de soleil sur le nez, les \u00e9poux ont brav\u00e9 les photographes profitant d\u2019une petite balade au soleil, juste le temps de se rendre au restaurant avant la pluie.<\/p>\n<p class=\"fig-body-link&#10;    \">\n            \u00c0 lire aussi<br \/>\n        <a class=\"fig-body-link__link\" href=\"http:\/\/madame.lefigaro.fr\/style\/elizabeth-ii-les-trump-un-homme-table-les-premiers-rangs-les-plus-insolites-et-iconiques-de-l-histoire-de-la-fashion-week-20251005\" data-fig-type=\"Article\" data-gtm-custom-categorie=\"navigation\" data-gtm-custom-action=\"crossclick\" data-gtm-custom-label=\"Contextuel\" data-gtm-event=\"customEventSPE\" data-fig-domain=\"MADAME\" target=\"_blank\" rel=\"noopener\">Elizabeth II, les Trump, un homme-table&#8230; Les premiers rangs les plus insolites et iconiques de l\u2019histoire de la Fashion week<\/a>\n<\/p>\n<p>    Jeff Bezos et Lauren S\u00e1nchez se rendent au Grand Caf\u00e9 dans des tenues assorties. (Paris, le 4 octobre 2025.)<br \/>\n                Splash News\/ABACA<\/p>\n<p>Un simple manteau de fourrure<\/p>\n<p class=\"fig-paragraph\">Le soir m\u00eame, Lauren S\u00e1nchez a assist\u00e9 au\u00a0<a href=\"http:\/\/madame.lefigaro.fr\/style\/news\/pour-son-premier-defile-balenciaga-pierpaolo-piccioli-realise-un-coup-de-maitre-a-paris-20251005\" data-fig-type=\"Article\" data-gtm-custom-categorie=\"navigation\" data-gtm-custom-action=\"crossclick\" data-gtm-custom-label=\"Contextuel\" data-gtm-event=\"customEventSPE\" data-fig-domain=\"MADAME\" target=\"_blank\" rel=\"noopener\">d\u00e9fil\u00e9 Balenciaga<\/a>, le premier sous la direction du cr\u00e9ateur Pierpaolo Piccioli. Pour l\u2019occasion, l\u2019\u00e9pouse du milliardaire portait un simple manteau de fourrure qu\u2019elle avait accessoiris\u00e9 d\u2019une grosse ceinture noir XXL. Elle avait aussi fait en sorte que le col du manteau soit asym\u00e9trique, laissant appara\u00eetre l\u2019une de ses \u00e9paules. Lauren S\u00e1nchez avait aussi opt\u00e9 pour de grandes cuissardes noires \u00e0 talons aiguilles.<\/p>\n<p>                                    <a class=\"fig-a11y-skip a11y-hidden\" href=\"#fig-a11y-skip-main-inarticle\"><br \/>\n        Passer la publicit\u00e9<br \/>\n    <\/a><\/p>\n<p class=\"fig-paragraph\">\u00abNuits parisiennes, r\u00eaves Balenciaga\u00bb, a-t-elle \u00e9crit en l\u00e9gende d\u2019une s\u00e9rie de photos de sa soir\u00e9e pass\u00e9e dans la capitale fran\u00e7aise, publi\u00e9e sur son\u00a0<a href=\"https:\/\/www.instagram.com\/reel\/DPaDpWdkbAe\/?utm_source=ig_web_copy_link&amp;igsh=MzRlODBiNWFlZA==\" target=\"_blank\" rel=\"sponsored noopener\" data-gtm-custom-categorie=\"navigation\" data-gtm-custom-action=\"crossclick\" data-gtm-custom-label=\"Contextuel\" data-gtm-event=\"customEventSPE\">compte Instagram<\/a>. Alors que Jeff Bezos n\u2019\u00e9tait pas pr\u00e9sent au d\u00e9fil\u00e9, l\u2019ancienne animatrice de t\u00e9l\u00e9vision \u00e9tait entour\u00e9e par Isabelle Huppert, Anne Hathaway, Simone Ashley ou encore Vincent Lacoste. Clou du spectacle\u00a0: l\u2019apparition surprise de Meghan Markle.<\/p>\n<p>                                        <script async src=\"\/\/www.instagram.com\/embed.js\"><\/script><\/p>\n","protected":false},"excerpt":{"rendered":"Pour se rendre au Grand Caf\u00e9, ce samedi, les \u00e9poux ont d\u00e9cid\u00e9 de s\u2019habiller de la m\u00eame fa\u00e7on.&hellip;\n","protected":false},"author":2,"featured_media":440580,"comment_status":"","ping_status":"","sticky":false,"template":"","format":"standard","meta":{"footnotes":""},"categories":[1888],"tags":[1111,1928,11,1927,1193,1777,674,992,1011,27,12,1926,626,1925,25],"class_list":{"0":"post-440579","1":"post","2":"type-post","3":"status-publish","4":"format-standard","5":"has-post-thumbnail","7":"category-paris","8":"tag-actu","9":"tag-actu-paris","10":"tag-actualites","11":"tag-actualites-paris","12":"tag-couple","13":"tag-eu","14":"tag-europe","15":"tag-fashion-week","16":"tag-fr","17":"tag-france","18":"tag-news","19":"tag-news-paris","20":"tag-paris","21":"tag-paris-news","22":"tag-republique-francaise"},"share_on_mastodon":{"url":"https:\/\/pubeurope.com\/@fr\/115321150834234073","error":""},"_links":{"self":[{"href":"https:\/\/www.europesays.com\/fr\/wp-json\/wp\/v2\/posts\/440579","targetHints":{"allow":["GET"]}}],"collection":[{"href":"https:\/\/www.europesays.com\/fr\/wp-json\/wp\/v2\/posts"}],"about":[{"href":"https:\/\/www.europesays.com\/fr\/wp-json\/wp\/v2\/types\/post"}],"author":[{"embeddable":true,"href":"https:\/\/www.europesays.com\/fr\/wp-json\/wp\/v2\/users\/2"}],"replies":[{"embeddable":true,"href":"https:\/\/www.europesays.com\/fr\/wp-json\/wp\/v2\/comments?post=440579"}],"version-history":[{"count":0,"href":"https:\/\/www.europesays.com\/fr\/wp-json\/wp\/v2\/posts\/440579\/revisions"}],"wp:featuredmedia":[{"embeddable":true,"href":"https:\/\/www.europesays.com\/fr\/wp-json\/wp\/v2\/media\/440580"}],"wp:attachment":[{"href":"https:\/\/www.europesays.com\/fr\/wp-json\/wp\/v2\/media?parent=440579"}],"wp:term":[{"taxonomy":"category","embeddable":true,"href":"https:\/\/www.europesays.com\/fr\/wp-json\/wp\/v2\/categories?post=440579"},{"taxonomy":"post_tag","embeddable":true,"href":"https:\/\/www.europesays.com\/fr\/wp-json\/wp\/v2\/tags?post=440579"}],"curies":[{"name":"wp","href":"https:\/\/api.w.org\/{rel}","templated":true}]}}