{"id":440585,"date":"2025-10-05T10:46:12","date_gmt":"2025-10-05T10:46:12","guid":{"rendered":"https:\/\/www.europesays.com\/fr\/440585\/"},"modified":"2025-10-05T10:46:12","modified_gmt":"2025-10-05T10:46:12","slug":"mort-dantoni-lallican-journaliste-francais-tue-en-ukraine-par-un-drone-russe","status":"publish","type":"post","link":"https:\/\/www.europesays.com\/fr\/440585\/","title":{"rendered":"Mort d&rsquo;Antoni Lallican, journaliste fran\u00e7ais tu\u00e9 en Ukraine par un drone russe"},"content":{"rendered":"<p>Il s\u2019appelait Antoni Lallican, il avait 37\u00a0ans et venait juste de se pacser. La vie du photoreporter a \u00e9t\u00e9 brutalement interrompue, vendredi 3\u00a0octobre dernier, par un drone russe dans la r\u00e9gion du Donbass, dans l\u2019est de l\u2019Ukraine, pr\u00e8s de Droujkivka, \u00ab\u00a0malgr\u00e9 l\u2019inscription PRESSE sur son gilet\u00a0\u00bb, a assur\u00e9 le ministre des Affaires \u00e9trang\u00e8res ukrainien, Andri\u00ef Sybiga.\u00a0Un journaliste ukrainien de 25\u00a0ans, Heorgiy Ivanchenko, a \u00e9galement \u00e9t\u00e9 bless\u00e9 lors de cette attaque. C\u2019est la premi\u00e8re fois qu\u2019un journaliste est tu\u00e9 par un drone dans ce conflit.<\/p>\n<p>Antoni Lallican appartenait \u00e0 un groupe de journalistes qui accompagnaient une unit\u00e9 de la 4e brigade blind\u00e9e ukrainienne. Il \u00ab\u00a0a \u00e9t\u00e9 tu\u00e9 \u00e0 la suite d\u2019une frappe cibl\u00e9e d\u2019un drone FPV (First Person View) ennemi\u00a0\u00bb, selon cette brigade sur facebook, relaie France Info. Il circulait \u00ab\u00a0dans une voiture identifi\u00e9e presse quand ils ont \u00e9t\u00e9 atteints\u00a0\u00bb, d\u2019apr\u00e8s RSF. Le pr\u00e9sident de la R\u00e9publique fran\u00e7aise <a href=\"https:\/\/x.com\/EmmanuelMacron\/status\/1974158898740527192\" data-type=\"link\" data-id=\"https:\/\/x.com\/EmmanuelMacron\/status\/1974158898740527192\">Emmanuel Macron<\/a> a confirm\u00e9 les faits sur X.<\/p>\n<p>Un pharmacien devenu correspondant de guerre<\/p>\n<p>Antoni Lallican avait eu une premi\u00e8re vie professionnelle de pharmacien, ont racont\u00e9 ses parents \u00e0 France Info, avant de s\u2019engager comme reporter photographe, sur des zones de guerre. RSF relate que \u00ab\u00a0son travail a \u00e9t\u00e9 publi\u00e9 dans de nombreux m\u00e9dias, notamment Le Monde, Le Figaro, Lib\u00e9ration, Mediapart, Der Spiegel, Zeit, Die Welt, Le Temps, Der Standard, La Presse\u2026\u00a0\u00bb.<\/p>\n<p>Il s\u2019est rendu en Ukraine d\u00e8s mars 2022, et son travail au long cours lui a valu \u00ab\u00a0le prix Victor Hugo 2024 de la photographie engag\u00e9e pour son reportage saisissant \u201dSoudain, le ciel s\u2019est assombri\u201d, consacr\u00e9 \u00e0 la guerre en Ukraine\u00a0\u00bb, relate Reporters sans Fronti\u00e8res.<\/p>\n<p>Son agence, Hans Lucas, a indiqu\u00e9 dans son communiqu\u00e9 qu\u2019\u00ab\u00a0Antoni Lallican \u00e9tait un professionnel exp\u00e9riment\u00e9, engag\u00e9 et profond\u00e9ment humain. Son travail \u00e9tait ax\u00e9 sur les probl\u00e9matiques sociales et soci\u00e9tales, avec une attention particuli\u00e8re pour les zones de conflit et les droits humains\u00a0\u00bb. Il avait ainsi couvert \u00ab\u00a0de nombreuses zones de tension, du Haut-Karabakh \u00e0 Ha\u00efti, en passant par les mouvements sociaux en France et \u00e0 Hong Kong\u00a0\u00bb.<\/p>\n<p>RSF a appel\u00e9 \u00ab\u00a0\u00e0 une enqu\u00eate rapide et ind\u00e9pendante pour faire toute la lumi\u00e8re sur les circonstances de cette frappe cibl\u00e9e de drone\u00a0\u00bb.\u00a0L\u2019organisation rappelle que \u00ab\u00a0les journalistes doivent b\u00e9n\u00e9ficier d\u2019une protection renforc\u00e9e en zone de guerre et que les Etats comme les forces arm\u00e9es doivent respecter strictement le droit international humanitaire\u00a0\u00bb.<\/p>\n<p>\u00catre le journal de la paix, notre d\u00e9fi quotidien<\/p>\n<p>Depuis Jaur\u00e8s, la d\u00e9fense de la paix est dans notre ADN.<\/p>\n<ul class=\"wp-block-list\">\n<li>Qui informe encore aujourd\u2019hui sur <strong>les actions des pacifistes<\/strong> pour le d\u00e9sarmement\u00a0?<\/li>\n<li>Combien de m\u00e9dias rappellent que <strong>les combats de d\u00e9colonisation <\/strong>ont encore cours, et qu\u2019ils doivent \u00eatre soutenus\u00a0?<\/li>\n<li>Combien valorisent les <strong>solidarit\u00e9s internationales<\/strong>, et s\u2019engagent sans ambigu\u00eft\u00e9 aux c\u00f4t\u00e9s des exil\u00e9s\u00a0?<\/li>\n<\/ul>\n<p><strong>Nos valeurs n\u2019ont pas de fronti\u00e8res.<\/strong><\/p>\n<p>Aidez-nous \u00e0 soutenir le droit \u00e0 l\u2019autod\u00e9termination et l\u2019option de la paix.<br \/><a href=\"https:\/\/www.humanite.fr\/lhumanite-cest-vous\" target=\"_blank\" rel=\"noopener\">Je veux en savoir plus\u00a0!<\/a><\/p>\n","protected":false},"excerpt":{"rendered":"Il s\u2019appelait Antoni Lallican, il avait 37\u00a0ans et venait juste de se pacser. La vie du photoreporter a&hellip;\n","protected":false},"author":2,"featured_media":440586,"comment_status":"","ping_status":"","sticky":false,"template":"","format":"standard","meta":{"footnotes":""},"categories":[1591],"tags":[11,2024,1887,131,56750,12,56751,1885,1886,132,220],"class_list":{"0":"post-440585","1":"post","2":"type-post","3":"status-publish","4":"format-standard","5":"has-post-thumbnail","7":"category-russie","8":"tag-actualites","9":"tag-drones","10":"tag-federation-de-russie","11":"tag-guerre-en-ukraine","12":"tag-journalistes-assassinu00e9s","13":"tag-news","14":"tag-rsf","15":"tag-russia","16":"tag-russian-federation","17":"tag-russie","18":"tag-ukraine"},"share_on_mastodon":{"url":"https:\/\/pubeurope.com\/@fr\/115321161986009798","error":""},"_links":{"self":[{"href":"https:\/\/www.europesays.com\/fr\/wp-json\/wp\/v2\/posts\/440585","targetHints":{"allow":["GET"]}}],"collection":[{"href":"https:\/\/www.europesays.com\/fr\/wp-json\/wp\/v2\/posts"}],"about":[{"href":"https:\/\/www.europesays.com\/fr\/wp-json\/wp\/v2\/types\/post"}],"author":[{"embeddable":true,"href":"https:\/\/www.europesays.com\/fr\/wp-json\/wp\/v2\/users\/2"}],"replies":[{"embeddable":true,"href":"https:\/\/www.europesays.com\/fr\/wp-json\/wp\/v2\/comments?post=440585"}],"version-history":[{"count":0,"href":"https:\/\/www.europesays.com\/fr\/wp-json\/wp\/v2\/posts\/440585\/revisions"}],"wp:featuredmedia":[{"embeddable":true,"href":"https:\/\/www.europesays.com\/fr\/wp-json\/wp\/v2\/media\/440586"}],"wp:attachment":[{"href":"https:\/\/www.europesays.com\/fr\/wp-json\/wp\/v2\/media?parent=440585"}],"wp:term":[{"taxonomy":"category","embeddable":true,"href":"https:\/\/www.europesays.com\/fr\/wp-json\/wp\/v2\/categories?post=440585"},{"taxonomy":"post_tag","embeddable":true,"href":"https:\/\/www.europesays.com\/fr\/wp-json\/wp\/v2\/tags?post=440585"}],"curies":[{"name":"wp","href":"https:\/\/api.w.org\/{rel}","templated":true}]}}