{"id":440589,"date":"2025-10-05T10:48:15","date_gmt":"2025-10-05T10:48:15","guid":{"rendered":"https:\/\/www.europesays.com\/fr\/440589\/"},"modified":"2025-10-05T10:48:15","modified_gmt":"2025-10-05T10:48:15","slug":"aux-etats-unis-donald-trump-signe-un-decret-autorisant-lenvoi-de-300-membres-de-la-garde-nationale-a-chicago","status":"publish","type":"post","link":"https:\/\/www.europesays.com\/fr\/440589\/","title":{"rendered":"Aux Etats-Unis, Donald Trump signe un d\u00e9cret autorisant l&rsquo;envoi de 300 membres de la garde nationale \u00e0 Chicago"},"content":{"rendered":"\n<p class=\"c-chapo \">\n  La m\u00e9gapole am\u00e9ricaine est la cinqui\u00e8me ville d\u00e9mocrate o\u00f9 le pr\u00e9sident Trump a ordonn\u00e9 le d\u00e9ploiement de la garde nationale, une mesure jusqu&rsquo;alors exceptionnelle.\n<\/p>\n<p>      lire plus tard<\/p>\n<p id=\"dialog__title\" class=\"dialog__title\">Pour sauvegarder cet article, connectez-vous ou cr\u00e9ez un compte franceinfo<\/p>\n<p class=\"dialog__description\">Sans paiement. Sans abonnement.<\/p>\n<p>        Fermer la fen\u00eatre d\u2019activation des notifications France Info<\/p>\n<p>      cr\u00e9er votre compte<\/p>\n<p>      se connecter<\/p>\n<p>        Fermer la fen\u00eatre de pr\u00e9sentation<\/p>\n<p>    <img loading=\"lazy\" decoding=\"async\" class=\"signature__image lazyload\" width=\"100\" height=\"100\" data- alt=\"\" src=\"https:\/\/www.europesays.com\/fr\/wp-content\/uploads\/2025\/05\/64a68815cd1a7_placeholder-36b69ec8.png\"\/><\/p>\n<p>    Publi\u00e9 le 05\/10\/2025 10:21<\/p>\n<p>        Temps de lecture : 1min<\/p>\n<p>    <img decoding=\"async\"  alt=\"Des membres de la garde nationale patrouillent \u00e0 Washington, aux Etats-Unis, le 1er octobre 2025. (BRENDAN SMIALOWSKI \/ AFP)\" width=\"432\" height=\"243\" src=\"https:\/\/www.europesays.com\/fr\/wp-content\/uploads\/2025\/10\/000-77dk7tt-68e2277051b24201792972.jpg\" fetchpriority=\"high\"\/><\/p>\n<p>      Des membres de la garde nationale patrouillent \u00e0 Washington, aux Etats-Unis, le 1er octobre 2025. (BRENDAN SMIALOWSKI \/ AFP)<\/p>\n<p>Au tour de Chicago. Donald Trump a sign\u00e9, samedi 4 octobre, un d\u00e9cret pour envoyer 300 <a href=\"https:\/\/www.franceinfo.fr\/monde\/usa\/presidentielle\/donald-trump\/pourquoi-donald-trump-deploie-t-il-les-militaires-de-la-garde-nationale-a-washington_7431424.html\" rel=\"nofollow noopener\" target=\"_blank\">gardes nationaux<\/a> dans la ville de l&rsquo;Illinois. Le dirigeant r\u00e9publicain \u00ab\u00a0ne d\u00e9tournera pas le regard de l&rsquo;\u00e9tat de non-droit qui affecte les villes am\u00e9ricaines\u00a0\u00bb, a affirm\u00e9 sa porte-parole Abigail Jackson. Cette annonce a \u00e9t\u00e9 vivement critiqu\u00e9e par le s\u00e9nateur d\u00e9mocrate de l&rsquo;Etat, Dick Durbin, qui l&rsquo;a jug\u00e9e totalement injustifi\u00e9e et a estim\u00e9 que le \u00ab\u00a0pr\u00e9sident ne cherche pas \u00e0 combattre la criminalit\u00e9, mais \u00e0 r\u00e9pandre la peur\u00a0\u00bb.<\/p>\n<p>La m\u00e9gapole du nord du pays est <a href=\"https:\/\/www.franceinfo.fr\/monde\/usa\/presidentielle\/donald-trump\/apres-washington-et-los-angeles-donald-trump-signe-un-decret-pour-deployer-la-garde-nationale-a-memphis_7495366.html\" rel=\"nofollow noopener\" target=\"_blank\">la cinqui\u00e8me ville d\u00e9mocrate<\/a> o\u00f9 le pr\u00e9sident Trump a ordonn\u00e9 le d\u00e9ploiement de la garde nationale, une mesure jusqu&rsquo;alors exceptionnelle. Ces derniers mois, cette force militaire de r\u00e9serve a d\u00e9j\u00e0 \u00e9t\u00e9 envoy\u00e9e \u00e0 Los Angeles, Washington et Memphis, \u00e0 chaque fois malgr\u00e9 l&rsquo;opposition des responsables locaux, qui ont d\u00e9nonc\u00e9 une mesure injustifi\u00e9e.<\/p>\n<p>Un <a href=\"https:\/\/www.franceinfo.fr\/monde\/usa\/migrants-aux-etats-unis\/aux-etats-unis-l-oregon-intente-un-proces-pour-empecher-donald-trump-de-deployer-l-armee-a-portland_7520809.html\" rel=\"nofollow noopener\" target=\"_blank\">d\u00e9ploiement similaire \u00e0 Portland<\/a> a toutefois \u00e9t\u00e9 bloqu\u00e9 \u00e0 titre temporaire, samedi, par une juge f\u00e9d\u00e9rale. Donald Trump a assur\u00e9 que la ville de l&rsquo;Oregon, o\u00f9 des manifestations contre la police de l&rsquo;immigration ont lieu depuis des mois, est \u00ab\u00a0ravag\u00e9e par la guerre\u00a0\u00bb. Mais dans un document de 33 pages, la juge Karin J. Immergut souligne que ces mouvements de protestation ne pr\u00e9sentent pas de \u00ab\u00a0danger de r\u00e9bellion\u00a0\u00bb et peuvent \u00eatre g\u00e9r\u00e9s par les \u00ab\u00a0forces de l&rsquo;ordre r\u00e9guli\u00e8res\u00a0\u00bb. Les fonctionnaires f\u00e9d\u00e9raux ont en cons\u00e9quence \u00ab\u00a0temporairement interdiction\u00a0\u00bb d&rsquo;y d\u00e9ployer la carde nationale, a-t-elle statu\u00e9. Cette d\u00e9cision expire le 18 octobre.<\/p>\n","protected":false},"excerpt":{"rendered":"La m\u00e9gapole am\u00e9ricaine est la cinqui\u00e8me ville d\u00e9mocrate o\u00f9 le pr\u00e9sident Trump a ordonn\u00e9 le d\u00e9ploiement de la&hellip;\n","protected":false},"author":2,"featured_media":440590,"comment_status":"","ping_status":"","sticky":false,"template":"","format":"standard","meta":{"footnotes":""},"categories":[1589],"tags":[11,73,1866,12,1864,1865,1863,308],"class_list":{"0":"post-440589","1":"post","2":"type-post","3":"status-publish","4":"format-standard","5":"has-post-thumbnail","7":"category-etats-unis","8":"tag-actualites","9":"tag-etats-unis","10":"tag-etats-unis-damerique","11":"tag-news","12":"tag-united-states","13":"tag-united-states-of-america","14":"tag-us","15":"tag-usa"},"share_on_mastodon":{"url":"https:\/\/pubeurope.com\/@fr\/115321170644900151","error":""},"_links":{"self":[{"href":"https:\/\/www.europesays.com\/fr\/wp-json\/wp\/v2\/posts\/440589","targetHints":{"allow":["GET"]}}],"collection":[{"href":"https:\/\/www.europesays.com\/fr\/wp-json\/wp\/v2\/posts"}],"about":[{"href":"https:\/\/www.europesays.com\/fr\/wp-json\/wp\/v2\/types\/post"}],"author":[{"embeddable":true,"href":"https:\/\/www.europesays.com\/fr\/wp-json\/wp\/v2\/users\/2"}],"replies":[{"embeddable":true,"href":"https:\/\/www.europesays.com\/fr\/wp-json\/wp\/v2\/comments?post=440589"}],"version-history":[{"count":0,"href":"https:\/\/www.europesays.com\/fr\/wp-json\/wp\/v2\/posts\/440589\/revisions"}],"wp:featuredmedia":[{"embeddable":true,"href":"https:\/\/www.europesays.com\/fr\/wp-json\/wp\/v2\/media\/440590"}],"wp:attachment":[{"href":"https:\/\/www.europesays.com\/fr\/wp-json\/wp\/v2\/media?parent=440589"}],"wp:term":[{"taxonomy":"category","embeddable":true,"href":"https:\/\/www.europesays.com\/fr\/wp-json\/wp\/v2\/categories?post=440589"},{"taxonomy":"post_tag","embeddable":true,"href":"https:\/\/www.europesays.com\/fr\/wp-json\/wp\/v2\/tags?post=440589"}],"curies":[{"name":"wp","href":"https:\/\/api.w.org\/{rel}","templated":true}]}}