{"id":440601,"date":"2025-10-05T10:54:16","date_gmt":"2025-10-05T10:54:16","guid":{"rendered":"https:\/\/www.europesays.com\/fr\/440601\/"},"modified":"2025-10-05T10:54:16","modified_gmt":"2025-10-05T10:54:16","slug":"7-octobre-france-tv-diffuse-un-film-finance-par-des-organes-dinfluence-pro-israel-mediapart","status":"publish","type":"post","link":"https:\/\/www.europesays.com\/fr\/440601\/","title":{"rendered":"7-Octobre : France TV diffuse un film financ\u00e9 par des organes d\u2019influence pro-Isra\u00ebl &#8211; Mediapart"},"content":{"rendered":"<ol>\n<li><a href=\"https:\/\/news.google.com\/rss\/articles\/CBMi1gFBVV95cUxQeUh6OEVCdkg5ZkVzZ193Y0xqTnI2TUd1OTNxZG1XU2JTUXFCXzFDVnFWTDJ4YkxnRXFkY2xHT0JGeXh0UkM0Z1pyRERIM3FyZlNYWG9jQmxqdmxGd1R1QVFCOEJqOTdJXzVaVjR3MEZpeERNd0w2UzY5UTduR1Z6eUNOb3hzVEZuQUVzZjVrdEJqRWNqZWtObnYycENEdVQ4aFl3X1U4eEhaSDZpNG5scjIwWXRneXhXWGs2T0VsUVozbEZwRVhRUWxTSE15SFRfbVJoMkdR?oc=5\" target=\"_blank\" rel=\"noopener\">7-Octobre : France TV diffuse un film financ\u00e9 par des organes d\u2019influence pro-Isra\u00ebl<\/a>&nbsp;&nbsp;Mediapart<\/li>\n<li><a href=\"https:\/\/news.google.com\/rss\/articles\/CBMi0gJBVV95cUxPSFY4NlloNE1SaUxHaGcyZ0w2U3owMDk1TXB5clRUYi1VSEJxVXJCS2kwQ2tOTVR0WFZQWVBzSXJiQkZCWV9ydWpOeGxhekF5eVczUDBuX3NQZHR2LXRVcHJqTk84STEtZGlNZjVNZm1GNnU5UWNQWGxyN3Bjal9mNWlaSUlsMUhKcVN5cmJnc2s2ZWR4Sy1JdzVtQUpYZDVPMk1FX0lzN3AzU2FPXzNzZ2NrY2JmNGhxcHduMkctRlM4Y1ZFSWRmem16cTlCWkF2SHZPQy05Mmh6dkZlNU5QVkNJZ1hQbjJZSnVydmF3SnozdEZQTXlmNVZTR01wOE53Z1ljLUgwS0ppbWQ0UEpOOFlZSVd4MXpmcGc5TVJ2SGFQUWxlYUE4emVuUkt1dERCR3lyOUhqRTlWenBPNlRxc1JtRzVYdzkwQ2FyQjRnY1lldw?oc=5\" target=\"_blank\" rel=\"noopener\">\u00ab\u00a0Personne n&rsquo;a voulu les \u00e9couter\u00a0\u00bb : \u00ab\u00a0Les guetteuses du 7-Octobre\u00a0\u00bb, un documentaire in\u00e9dit qui r\u00e9v\u00e8le comment le renseignement isra\u00e9lien a minimis\u00e9 les alertes<\/a>&nbsp;&nbsp;France Info<\/li>\n<li><a href=\"https:\/\/news.google.com\/rss\/articles\/CBMinAFBVV95cUxQU2YxQ3BiZXRxeURwLWd4dXpmUUF6eVZ2b3lJa2tNVE9pWmpBTWswOXVTRk1GaEtYZlhLalRSSHV5ejlib19hZ3ZrRFR1WU1wLVI4U3d3LUNVTnBNbDJ4VmNtdzd3SzN5WFE3eGk1WERic0YteVpSNU4yMWR6LWRpY2lUOWpmM3ZPcTFfckoyUFhBN0kyY25GbmtOdDk?oc=5\" target=\"_blank\" rel=\"noopener\">Les guetteuses du 7 Octobre (France 5) : l\u2019h\u00e9ro\u00efsme des soldates isra\u00e9liennes<\/a>&nbsp;&nbsp;TV Magazine<\/li>\n<li><a href=\"https:\/\/news.google.com\/rss\/articles\/CBMirAFBVV95cUxNaHlPSGx1Qk1YZU9xVkVmNS1lRFlWb29zbmI4SVlSazNQNkhoM2x6TnpEUzRfWDViaW9ZSVJpYlhHSllMcVpEa3l0UjU0dTVtYTEybXJsUV81STFjTjE2SXlMYXd6VzFyMWNFWnd6Q1B3UmdGQVEyV3NJMldKY1BGUlY0UkF6dWVjb18zSDF4eXZWYVVMdUpyMjB1LVB4QkxuTmZJMGo5cDkwM0FE?oc=5\" target=\"_blank\" rel=\"noopener\">\u00ab\u00a0Les guetteuses du 7-Octobre\u00a0\u00bb : r\u00e9v\u00e9lations sur un documentaire contest\u00e9<\/a>&nbsp;&nbsp;Arr\u00eat sur images<\/li>\n<li><a href=\"https:\/\/news.google.com\/rss\/articles\/CBMiywFBVV95cUxOeUMwck1nRDhjRUFPTksySkhOUWRNZkZLNWU1OHQxTFRRU3VvN01FTHlVZkY5T3RySGs2bFZ1YTNMNDdZRHFkQmNNdmdZc0J2NVoxVTAyaWJHbENUVTRnaTMwbkZIUzJrbjA4R3F3cGtfZGxsXzZaaFdtRnk4NHlPYUpOVi1zd2J2cGduZkxRdVNqS2k0MmllcXRmSkJYVXBMNzdseTdFdDRhRWlQMnFydl9qNWl2QWRFVVl0SWZrbEZhRldEUktKUTQ2Yw?oc=5\" target=\"_blank\" rel=\"noopener\">\u201cLes Guetteuses du 7 Octobre\u201d : comment Isra\u00ebl s\u2019est cru invincible face \u00e0 l\u2019attaque<\/a>&nbsp;&nbsp;T\u00e9l\u00e9rama<\/li>\n<\/ol>\n","protected":false},"excerpt":{"rendered":"7-Octobre : France TV diffuse un film financ\u00e9 par des organes d\u2019influence pro-Isra\u00ebl&nbsp;&nbsp;Mediapart \u00ab\u00a0Personne n&rsquo;a voulu les \u00e9couter\u00a0\u00bb&hellip;\n","protected":false},"author":2,"featured_media":440602,"comment_status":"","ping_status":"","sticky":false,"template":"","format":"standard","meta":{"footnotes":""},"categories":[2],"tags":[56752,11,1011,27,4467,2400,5106,500,12,25],"class_list":{"0":"post-440601","1":"post","2":"type-post","3":"status-publish","4":"format-standard","5":"has-post-thumbnail","7":"category-actualites","8":"tag-7-octobre","9":"tag-actualites","10":"tag-fr","11":"tag-france","12":"tag-france-5","13":"tag-france-televisions","14":"tag-guerre-au-proche-orient","15":"tag-medias","16":"tag-news","17":"tag-republique-francaise"},"share_on_mastodon":{"url":"https:\/\/pubeurope.com\/@fr\/115321193378227056","error":""},"_links":{"self":[{"href":"https:\/\/www.europesays.com\/fr\/wp-json\/wp\/v2\/posts\/440601","targetHints":{"allow":["GET"]}}],"collection":[{"href":"https:\/\/www.europesays.com\/fr\/wp-json\/wp\/v2\/posts"}],"about":[{"href":"https:\/\/www.europesays.com\/fr\/wp-json\/wp\/v2\/types\/post"}],"author":[{"embeddable":true,"href":"https:\/\/www.europesays.com\/fr\/wp-json\/wp\/v2\/users\/2"}],"replies":[{"embeddable":true,"href":"https:\/\/www.europesays.com\/fr\/wp-json\/wp\/v2\/comments?post=440601"}],"version-history":[{"count":0,"href":"https:\/\/www.europesays.com\/fr\/wp-json\/wp\/v2\/posts\/440601\/revisions"}],"wp:featuredmedia":[{"embeddable":true,"href":"https:\/\/www.europesays.com\/fr\/wp-json\/wp\/v2\/media\/440602"}],"wp:attachment":[{"href":"https:\/\/www.europesays.com\/fr\/wp-json\/wp\/v2\/media?parent=440601"}],"wp:term":[{"taxonomy":"category","embeddable":true,"href":"https:\/\/www.europesays.com\/fr\/wp-json\/wp\/v2\/categories?post=440601"},{"taxonomy":"post_tag","embeddable":true,"href":"https:\/\/www.europesays.com\/fr\/wp-json\/wp\/v2\/tags?post=440601"}],"curies":[{"name":"wp","href":"https:\/\/api.w.org\/{rel}","templated":true}]}}